{"id":85,"date":"2020-09-08T04:43:19","date_gmt":"2020-09-08T04:43:19","guid":{"rendered":"http:\/\/web.laotrafm.com\/?p=85"},"modified":"2020-09-08T14:13:07","modified_gmt":"2020-09-08T14:13:07","slug":"noti","status":"publish","type":"post","link":"https:\/\/web.laotrafm.com\/index.php\/2020\/09\/08\/noti\/","title":{"rendered":"\u00a1A Carolina Jaume no le interesa ser asamble\u00edsta!"},"content":{"rendered":"\n<p>La actriz Carolina Jaume aclar\u00f3 los rumores que se hab\u00edan difundido, en redes sociales, estos \u00faltimos d\u00edas, en lo que aseguraban que ella se involucrar\u00eda en la pol\u00edtica, ya que supuestamente deseaba ser asamble\u00edsta.<\/p>\n\n\n\n<p>&#8220;Dicen que acept\u00e9 la candidatura a la asamblea por un partido pol\u00edtico. No tengo nada en contra de los esos partidos (\u2026) He recibido propuestas de cinco durante esta semana, y a todos les dije que no por m\u00e1s plata que me hayan ofrecido&#8221;, explic\u00f3 Carolina a trav\u00e9s de su cuenta de Instagram.<\/p>\n\n\n\n<p><\/p>\n\n\n\n<p>&#8220;No me interesa participar en la pol\u00edtica, no quiero participar en ella, no me interesa ser asamble\u00edsta, no quiero nada&#8221;, enfatiz\u00f3 la tambi\u00e9n presentadora.<\/p>\n\n\n\n<p>Carolina se mostr\u00f3 molesta por los rumores que giran en su torno y explic\u00f3 que ya se siente cansada de siempre tener que aclarar diversas situaciones.<\/p>\n","protected":false},"excerpt":{"rendered":"<p>La actriz Carolina Jaume aclar\u00f3 los rumores que se hab\u00edan difundido, en redes sociales, estos \u00faltimos d\u00edas, en lo que aseguraban que ella se involucrar\u00eda en la pol\u00edtica, ya que supuestamente deseaba ser asamble\u00edsta. &#8220;Dicen que acept\u00e9 la candidatura a la asamblea por un partido pol\u00edtico. No tengo nada en contra de los esos partidos [&hellip;]<\/p>\n","protected":false},"author":1,"featured_media":132,"comment_status":"open","ping_status":"closed","sticky":false,"template":"","format":"standard","meta":{"footnotes":""},"categories":[1],"tags":[],"class_list":["post-85","post","type-post","status-publish","format-standard","has-post-thumbnail","hentry","category-farandula-nacional"],"_links":{"self":[{"href":"https:\/\/web.laotrafm.com\/index.php\/wp-json\/wp\/v2\/posts\/85","targetHints":{"allow":["GET"]}}],"collection":[{"href":"https:\/\/web.laotrafm.com\/index.php\/wp-json\/wp\/v2\/posts"}],"about":[{"href":"https:\/\/web.laotrafm.com\/index.php\/wp-json\/wp\/v2\/types\/post"}],"author":[{"embeddable":true,"href":"https:\/\/web.laotrafm.com\/index.php\/wp-json\/wp\/v2\/users\/1"}],"replies":[{"embeddable":true,"href":"https:\/\/web.laotrafm.com\/index.php\/wp-json\/wp\/v2\/comments?post=85"}],"version-history":[{"count":0,"href":"https:\/\/web.laotrafm.com\/index.php\/wp-json\/wp\/v2\/posts\/85\/revisions"}],"wp:featuredmedia":[{"embeddable":true,"href":"https:\/\/web.laotrafm.com\/index.php\/wp-json\/wp\/v2\/media\/132"}],"wp:attachment":[{"href":"https:\/\/web.laotrafm.com\/index.php\/wp-json\/wp\/v2\/media?parent=85"}],"wp:term":[{"taxonomy":"category","embeddable":true,"href":"https:\/\/web.laotrafm.com\/index.php\/wp-json\/wp\/v2\/categories?post=85"},{"taxonomy":"post_tag","embeddable":true,"href":"https:\/\/web.laotrafm.com\/index.php\/wp-json\/wp\/v2\/tags?post=85"}],"curies":[{"name":"wp","href":"https:\/\/api.w.org\/{rel}","templated":true}]}}