{"id":70,"date":"2020-09-08T04:25:38","date_gmt":"2020-09-08T04:25:38","guid":{"rendered":"http:\/\/web.laotrafm.com\/?p=70"},"modified":"2020-09-08T13:57:46","modified_gmt":"2020-09-08T13:57:46","slug":"sofia-caiche-2","status":"publish","type":"post","link":"https:\/\/web.laotrafm.com\/index.php\/2020\/09\/08\/sofia-caiche-2\/","title":{"rendered":"Mario Cabezas a sus seguidores: &#8220;Los amo mucho, sigan orando por m\u00ed&#8221;"},"content":{"rendered":"\n<p>El actor Mario Cabezas se encuentra estable en un hospital de Portoviejo, Manab\u00ed, al cual ingres\u00f3, el pasado 2 de septiembre, y permaneci\u00f3 varias horas inconsciente.<\/p>\n\n\n\n<p>Seg\u00fan estudios m\u00e9dicos realizados a &#8216;Til\u00edn Til\u00edn&#8217;, se diagnostic\u00f3 que padece de herpes z\u00f3ster (est\u00e1 relacionada con una inflamaci\u00f3n de los nervios debajo de la piel. El z\u00f3ster es el mismo virus que provoca la varicela y que se manifiesta como un salpullido en el \u00e1rea del tronco).<\/p>\n\n\n\n<p>Tambi\u00e9n est\u00e1 luchando por recuperar la movilidad de su rostro, ya que el 20 de agosto sufri\u00f3 un derrame facial.<\/p>\n\n\n\n<p>Cabezas cont\u00f3 que se siente mejor, pero que deber\u00e1 permanecer internado 7 d\u00edas m\u00e1s, para ver c\u00f3mo va evolucionando con su nuevo tratamiento m\u00e9dico. Lo cierto es que el actor dio a conocer que hab\u00eda llegado a dicha casa de salud porque hubo una confusi\u00f3n con sus medicinas.<\/p>\n\n\n\n<p>Mario habl\u00f3 con EXTRA y agradeci\u00f3 el apoyo de sus seguidores, quienes le brindaron mensajes de recuperaci\u00f3n: &#8220;S\u00e9 que me extra\u00f1an porque sub\u00eda como 20 videos diarios. Los amo mucho y sigan orando por mi&#8221;, dijo.<\/p>\n","protected":false},"excerpt":{"rendered":"<p>El actor Mario Cabezas se encuentra estable en un hospital de Portoviejo, Manab\u00ed, al cual ingres\u00f3, el pasado 2 de septiembre, y permaneci\u00f3 varias horas inconsciente. Seg\u00fan estudios m\u00e9dicos realizados a &#8216;Til\u00edn Til\u00edn&#8217;, se diagnostic\u00f3 que padece de herpes z\u00f3ster (est\u00e1 relacionada con una inflamaci\u00f3n de los nervios debajo de la piel. El z\u00f3ster es [&hellip;]<\/p>\n","protected":false},"author":1,"featured_media":125,"comment_status":"open","ping_status":"closed","sticky":false,"template":"","format":"standard","meta":{"footnotes":""},"categories":[1],"tags":[],"class_list":["post-70","post","type-post","status-publish","format-standard","has-post-thumbnail","hentry","category-farandula-nacional"],"_links":{"self":[{"href":"https:\/\/web.laotrafm.com\/index.php\/wp-json\/wp\/v2\/posts\/70","targetHints":{"allow":["GET"]}}],"collection":[{"href":"https:\/\/web.laotrafm.com\/index.php\/wp-json\/wp\/v2\/posts"}],"about":[{"href":"https:\/\/web.laotrafm.com\/index.php\/wp-json\/wp\/v2\/types\/post"}],"author":[{"embeddable":true,"href":"https:\/\/web.laotrafm.com\/index.php\/wp-json\/wp\/v2\/users\/1"}],"replies":[{"embeddable":true,"href":"https:\/\/web.laotrafm.com\/index.php\/wp-json\/wp\/v2\/comments?post=70"}],"version-history":[{"count":0,"href":"https:\/\/web.laotrafm.com\/index.php\/wp-json\/wp\/v2\/posts\/70\/revisions"}],"wp:featuredmedia":[{"embeddable":true,"href":"https:\/\/web.laotrafm.com\/index.php\/wp-json\/wp\/v2\/media\/125"}],"wp:attachment":[{"href":"https:\/\/web.laotrafm.com\/index.php\/wp-json\/wp\/v2\/media?parent=70"}],"wp:term":[{"taxonomy":"category","embeddable":true,"href":"https:\/\/web.laotrafm.com\/index.php\/wp-json\/wp\/v2\/categories?post=70"},{"taxonomy":"post_tag","embeddable":true,"href":"https:\/\/web.laotrafm.com\/index.php\/wp-json\/wp\/v2\/tags?post=70"}],"curies":[{"name":"wp","href":"https:\/\/api.w.org\/{rel}","templated":true}]}}