{"id":6569,"date":"2023-09-27T08:06:55","date_gmt":"2023-09-27T15:36:55","guid":{"rendered":"https:\/\/web.laotrafm.com\/?p=6569"},"modified":"2023-09-27T08:06:56","modified_gmt":"2023-09-27T15:36:56","slug":"social-media-day-llega-a-ecuador-y-se-expande-a-colombia","status":"publish","type":"post","link":"https:\/\/web.laotrafm.com\/index.php\/2023\/09\/27\/social-media-day-llega-a-ecuador-y-se-expande-a-colombia\/","title":{"rendered":"SOCIAL MEDIA DAY LLEGA A ECUADOR Y SE EXPANDE A COLOMBIA"},"content":{"rendered":"\n<p>Social Media Day es el evento de Marketing Digital m\u00e1s destacado en el mundo de habla hispana y regresa con m\u00e1s fuerza que nunca en su octava edici\u00f3n. Por su alto nivel de conocimiento y oportunidades en el mundo digital se expande a nuevos horizontes, con presencia en las ciudades Quito, Guayaquil y Medell\u00edn (Colombia).<\/p>\n\n\n\n<p>El evento se desarrollar\u00e1 durante 3 d\u00edas: el 12 de octubre en el Teatro S\u00e1nchez Aguilar, en la ciudad de Samborondon; el 16 de octubre en el Quorum San Francisco, Quito y, el 31 de octubre en el Centro de Eventos Tesoro en Medell\u00edn \u2013 Colombia.<\/p>\n\n\n\n<p>Social Media Day es un espacio en el cual hemos contado con m\u00e1s de 7 mil asistentes, quienes han tenido la posibilidad de aprender de expertos y profesionales nacionales e internacionales. Entre los temas que se abordar\u00e1n est\u00e1n tendencias de las redes sociales, publicidad online, marketing digital, herramientas digitales, entre otros temas.<\/p>\n\n\n\n<p>El evento llevar\u00e1 a cabo m\u00faltiples conferencias pr\u00e1cticas, entrevistas, paneles y sesiones de preguntas y respuestas en vivo; que se convertir\u00e1n en la clave y diferenciaci\u00f3n para los asistentes.<\/p>\n\n\n\n<p>Francisco Robles, CEO de Esmadi, la Escuela de Marketing Digital, comenta <em>\u201cEs una plataforma \u00fanica que permite aprender, inspirarse y conectar con profesionales destacados del mundo. Con la expansi\u00f3n a Colombia buscamos empoderar a una nueva comunidad digital y tener una red con un alto nivel de experiencia\u201d.<\/em><\/p>\n\n\n\n<p>El calendario de este a\u00f1o ofrece una serie de ense\u00f1anzas imperdibles para los asistentes:<\/p>\n\n\n\n<p><strong>Interacci\u00f3n de Alto Nivel:<\/strong> Cada ciudad ser\u00e1 el escenario perfecto para la interacci\u00f3n entre asistentes y ponentes destacados, quienes compartir\u00e1n sus conocimientos y trayectoria sobre estrategias de marketing digital, tendencias en redes sociales y las mejores pr\u00e1cticas para triunfar en el mundo digital.<\/p>\n\n\n\n<p><strong>Oradores Destacados:<\/strong> Entre los speakers que se presentar\u00e1n se incluyen figuras prominentes en el mundo del Marketing Digital, como Vilma Nu\u00f1ez de Rep\u00fablica Dominicana, Oscar Aguilera de Espa\u00f1a, Oscar Solano de SHIFT Porter Novelli Costa Rica, Vero Ruiz del Vizo de Venezuela, Juan Lombana de M\u00e9xico, entre otros. Los especialistas de marketing digital que dar\u00e1n sus masterclass provienen de Rep\u00fablica Dominicana, Espa\u00f1a, Argentina, Costa Rica, M\u00e9xico, Venezuela, Colombia y Ecuador.<\/p>\n\n\n\n<p>El espacio est\u00e1 pensado para un profesional del marketing, un emprendedor o simplemente alguien interesado en aprender m\u00e1s sobre el poder de las redes sociales. El Social Media Day es el lugar donde encontrar\u00e1s inspiraci\u00f3n, aprendizaje y networking de alto nivel.<\/p>\n\n\n\n<p>Registro e Informaci\u00f3n: <a href=\"https:\/\/socialmediaday.ec\/\">https:\/\/socialmediaday.ec\/<\/a>. Siga las actualizaciones del evento en las redes sociales:<\/p>\n\n\n\n<p>Facebook: <a href=\"https:\/\/www.facebook.com\/socialmediadayecuador\">https:\/\/www.facebook.com\/socialmediadayecuador<\/a><\/p>\n\n\n\n<p>LinkedIn: <a href=\"https:\/\/www.linkedin.com\/company\/socialmediadayla\/\">https:\/\/www.linkedin.com\/company\/socialmediadayla\/<\/a><\/p>\n\n\n\n<p>Instagram: <a href=\"https:\/\/www.instagram.com\/socialmediadayec\/\">https:\/\/www.instagram.com\/socialmediadayec\/<\/a><\/p>\n\n\n\n<p>El Social Media Day es el evento de referencia en Marketing Digital en Ecuador y Latinoam\u00e9rica. Con una trayectoria de \u00e9xito y crecimiento constante, el evento ha atra\u00eddo a miles de profesionales y entusiastas de las redes sociales en sus siete ediciones anteriores.<\/p>\n","protected":false},"excerpt":{"rendered":"<p>Social Media Day es el evento de Marketing Digital m\u00e1s destacado en el mundo de habla hispana y regresa con m\u00e1s fuerza que nunca en su octava edici\u00f3n. Por su alto nivel de conocimiento y oportunidades en el mundo digital se expande a nuevos horizontes, con presencia en las ciudades Quito, Guayaquil y Medell\u00edn (Colombia). [&hellip;]<\/p>\n","protected":false},"author":8,"featured_media":6570,"comment_status":"closed","ping_status":"closed","sticky":false,"template":"","format":"standard","meta":{"footnotes":""},"categories":[342],"tags":[99],"class_list":["post-6569","post","type-post","status-publish","format-standard","has-post-thumbnail","hentry","category-tecnologia","tag-noticias"],"_links":{"self":[{"href":"https:\/\/web.laotrafm.com\/index.php\/wp-json\/wp\/v2\/posts\/6569","targetHints":{"allow":["GET"]}}],"collection":[{"href":"https:\/\/web.laotrafm.com\/index.php\/wp-json\/wp\/v2\/posts"}],"about":[{"href":"https:\/\/web.laotrafm.com\/index.php\/wp-json\/wp\/v2\/types\/post"}],"author":[{"embeddable":true,"href":"https:\/\/web.laotrafm.com\/index.php\/wp-json\/wp\/v2\/users\/8"}],"replies":[{"embeddable":true,"href":"https:\/\/web.laotrafm.com\/index.php\/wp-json\/wp\/v2\/comments?post=6569"}],"version-history":[{"count":0,"href":"https:\/\/web.laotrafm.com\/index.php\/wp-json\/wp\/v2\/posts\/6569\/revisions"}],"wp:featuredmedia":[{"embeddable":true,"href":"https:\/\/web.laotrafm.com\/index.php\/wp-json\/wp\/v2\/media\/6570"}],"wp:attachment":[{"href":"https:\/\/web.laotrafm.com\/index.php\/wp-json\/wp\/v2\/media?parent=6569"}],"wp:term":[{"taxonomy":"category","embeddable":true,"href":"https:\/\/web.laotrafm.com\/index.php\/wp-json\/wp\/v2\/categories?post=6569"},{"taxonomy":"post_tag","embeddable":true,"href":"https:\/\/web.laotrafm.com\/index.php\/wp-json\/wp\/v2\/tags?post=6569"}],"curies":[{"name":"wp","href":"https:\/\/api.w.org\/{rel}","templated":true}]}}