{"id":6525,"date":"2023-08-03T07:26:31","date_gmt":"2023-08-03T14:56:31","guid":{"rendered":"https:\/\/web.laotrafm.com\/?p=6525"},"modified":"2023-08-03T07:26:32","modified_gmt":"2023-08-03T14:56:32","slug":"jorge-heredia-de-presentador-a-auxiliar-de-enfermeria","status":"publish","type":"post","link":"https:\/\/web.laotrafm.com\/index.php\/2023\/08\/03\/jorge-heredia-de-presentador-a-auxiliar-de-enfermeria\/","title":{"rendered":"Jorge Heredia, de presentador a auxiliar de enfermer\u00eda"},"content":{"rendered":"\n<p>Jorge Heredia demuestra que nunca es tarde para aprender una nueva profesi\u00f3n.<\/p>\n\n\n\n<p>Ahora, muy alejado de los micr\u00f3fonos o c\u00e1maras de televisi\u00f3n, se encuentra aprendiendo un oficio ligado a la salud.<\/p>\n\n\n\n<p>A trav\u00e9s de sus cuentas en redes sociales, el animador indic\u00f3 que debido a los problemas de salud de su padre le toc\u00f3 estudiar enfermer\u00eda.<\/p>\n\n\n\n<figure class=\"wp-block-image size-full\"><img loading=\"lazy\" decoding=\"async\" width=\"670\" height=\"330\" src=\"https:\/\/web.laotrafm.com\/wp-content\/uploads\/2023\/08\/image.png\" alt=\"\" class=\"wp-image-6527\" srcset=\"https:\/\/web.laotrafm.com\/wp-content\/uploads\/2023\/08\/image.png 670w, https:\/\/web.laotrafm.com\/wp-content\/uploads\/2023\/08\/image-300x148.png 300w\" sizes=\"auto, (max-width: 670px) 100vw, 670px\" \/><\/figure>\n\n\n\n<p>La raz\u00f3n detr\u00e1s de este cambio radical se relaciona directamente con la salud de su padre, quien padece diabetes y recientemente enfrent\u00f3 una situaci\u00f3n delicada. <\/p>\n\n\n\n<p>Esta experiencia personal lo motiv\u00f3 profundamente y lo llev\u00f3 a tomar una decisi\u00f3n determinante: inscribirse en un curso de auxiliar de enfermer\u00eda, un oficio que le permitir\u00e1 brindar los cuidados necesarios a su padre junto a su madre.<\/p>\n\n\n\n<p>A trav\u00e9s de sus redes sociales, Jorge Heredia comparti\u00f3 su proceso de capacitaci\u00f3n en enfermer\u00eda y c\u00f3mo se prepara para asistir a su padre de manera oportuna. <\/p>\n\n\n\n<p>Aunque ha recibido cr\u00edticas por parte de algunos seguidores, \u00e9l no se deja afectar por los comentarios negativos. Reconoce que no era una profesi\u00f3n que ten\u00eda en mente en un principio, pero las circunstancias y el profundo amor por su padre lo condujeron a esta elecci\u00f3n, la cual abraza con valent\u00eda y determinaci\u00f3n.<\/p>\n\n\n\n<p>A pesar de haber tenido una exitosa carrera en la televisi\u00f3n nacional, donde fue presentador de diversos espacios, Jorge Heredia no ve contradicci\u00f3n en convertirse en auxiliar de enfermer\u00eda. <\/p>\n\n\n\n\n\n\n\n\n\n<p>Con una licenciatura en Comunicaci\u00f3n y una maestr\u00eda en Periodismo, entiende que cada uno es libre de prepararse en lo que desee, y esta nueva faceta no detiene sus metas y ambiciones.<br><\/p>\n\n\n\n<script async src=\"https:\/\/pagead2.googlesyndication.com\/pagead\/js\/adsbygoogle.js?client=ca-pub-4430952989861109\"\n     crossorigin=\"anonymous\"><\/script>\n<!-- LA OTRA 2022 CODIGOS 2 -->\n<ins class=\"adsbygoogle\"\n     style=\"display:block\"\n     data-ad-client=\"ca-pub-4430952989861109\"\n     data-ad-slot=\"5056687262\"\n     data-ad-format=\"auto\"\n     data-full-width-responsive=\"true\"><\/ins>\n<script>\n     (adsbygoogle = window.adsbygoogle || []).push({});\n<\/script>\n\n\n","protected":false},"excerpt":{"rendered":"<p>Jorge Heredia demuestra que nunca es tarde para aprender una nueva profesi\u00f3n. Ahora, muy alejado de los micr\u00f3fonos o c\u00e1maras de televisi\u00f3n, se encuentra aprendiendo un oficio ligado a la salud. A trav\u00e9s de sus cuentas en redes sociales, el animador indic\u00f3 que debido a los problemas de salud de su padre le toc\u00f3 estudiar [&hellip;]<\/p>\n","protected":false},"author":8,"featured_media":6526,"comment_status":"closed","ping_status":"closed","sticky":false,"template":"","format":"standard","meta":{"footnotes":""},"categories":[6,1],"tags":[121,99],"class_list":["post-6525","post","type-post","status-publish","format-standard","has-post-thumbnail","hentry","category-actualidad","category-farandula-nacional","tag-actualidad","tag-noticias"],"_links":{"self":[{"href":"https:\/\/web.laotrafm.com\/index.php\/wp-json\/wp\/v2\/posts\/6525","targetHints":{"allow":["GET"]}}],"collection":[{"href":"https:\/\/web.laotrafm.com\/index.php\/wp-json\/wp\/v2\/posts"}],"about":[{"href":"https:\/\/web.laotrafm.com\/index.php\/wp-json\/wp\/v2\/types\/post"}],"author":[{"embeddable":true,"href":"https:\/\/web.laotrafm.com\/index.php\/wp-json\/wp\/v2\/users\/8"}],"replies":[{"embeddable":true,"href":"https:\/\/web.laotrafm.com\/index.php\/wp-json\/wp\/v2\/comments?post=6525"}],"version-history":[{"count":0,"href":"https:\/\/web.laotrafm.com\/index.php\/wp-json\/wp\/v2\/posts\/6525\/revisions"}],"wp:featuredmedia":[{"embeddable":true,"href":"https:\/\/web.laotrafm.com\/index.php\/wp-json\/wp\/v2\/media\/6526"}],"wp:attachment":[{"href":"https:\/\/web.laotrafm.com\/index.php\/wp-json\/wp\/v2\/media?parent=6525"}],"wp:term":[{"taxonomy":"category","embeddable":true,"href":"https:\/\/web.laotrafm.com\/index.php\/wp-json\/wp\/v2\/categories?post=6525"},{"taxonomy":"post_tag","embeddable":true,"href":"https:\/\/web.laotrafm.com\/index.php\/wp-json\/wp\/v2\/tags?post=6525"}],"curies":[{"name":"wp","href":"https:\/\/api.w.org\/{rel}","templated":true}]}}