{"id":6151,"date":"2023-01-06T08:47:58","date_gmt":"2023-01-06T16:17:58","guid":{"rendered":"https:\/\/web.laotrafm.com\/?p=6151"},"modified":"2023-01-06T08:48:11","modified_gmt":"2023-01-06T16:18:11","slug":"se-actuo-de-manera-responsable-en-el-caso-de-ovidio-guzman-amlo","status":"publish","type":"post","link":"https:\/\/web.laotrafm.com\/index.php\/2023\/01\/06\/se-actuo-de-manera-responsable-en-el-caso-de-ovidio-guzman-amlo\/","title":{"rendered":"Se actu\u00f3 de manera responsable en el caso de Ovidio Guzm\u00e1n: AMLO"},"content":{"rendered":"\n<p>El presidente <strong>Andr\u00e9s Manuel L\u00f3pez Obrador<\/strong> asegur\u00f3 que en el operativo para detener a <strong>Ovidio Guzm\u00e1n<\/strong> se actu\u00f3 con responsabilidad para cuidar a la poblaci\u00f3n civil. Asimismo, el mandatario envi\u00f3 su solidaridad a la poblaci\u00f3n de <strong>Sinaloa<\/strong>.<\/p>\n\n\n\n<script async src=\"https:\/\/pagead2.googlesyndication.com\/pagead\/js\/adsbygoogle.js?client=ca-pub-4430952989861109\"\n     crossorigin=\"anonymous\"><\/script>\n<!-- LA OTRA 2022 NOTICIAS -->\n<ins class=\"adsbygoogle\"\n     style=\"display:block\"\n     data-ad-client=\"ca-pub-4430952989861109\"\n     data-ad-slot=\"5118845561\"\n     data-ad-format=\"auto\"\n     data-full-width-responsive=\"true\"><\/ins>\n<script>\n     (adsbygoogle = window.adsbygoogle || []).push({});\n<\/script>\n\n\n\n\n<blockquote class=\"wp-block-quote is-layout-flow wp-block-quote-is-layout-flow\">\n<p>&#8220;De lo que se va a informar es de la manera responsable para en que se actu\u00f3 para cuidar a la poblaci\u00f3n civil, que no hubiera v\u00edctimas inocentes. Afortunadamente se cont\u00f3 tambi\u00e9n con el apoy\u00f3 del gobierno del estado, del gobernador Rub\u00e9n Rocha, de autoridades municipales y todo esto permiti\u00f3 que las cosas no fuesen m\u00e1s dif\u00edciles, dram\u00e1ticas&#8221;, coment\u00f3 el mandatario.<\/p>\n<\/blockquote>\n\n\n\n<p>Durante la ma\u00f1anera del 6 de enero, L\u00f3pez Obrador <strong>manifest\u00f3 su apoyo a los sinaloenses<\/strong> para que puedan recuperar lo m\u00e1s pronto posible la normalidad. Desde la ma\u00f1ana del jueves 5 de enero <strong>Culiac\u00e1n<\/strong>, as\u00ed como algunos municipios han reportado quema de veh\u00edculos, bloqueos y balaceras.<\/p>\n\n\n\n\n\n\n\n\n<p>AMLO reconoci\u00f3 los enfrentamientos entre el grupo criminal y miembros del <strong>Ej\u00e9rcito<\/strong> y de la <strong>Guardia Nacional<\/strong>. Adicionalmente, lament\u00f3 la p\u00e9rdida de vidas durante los acontecimientos del jueves 5 de enero en Culiac\u00e1n, Sinaloa, de todos los involucrados, pero especialmente de aquellos que lo hicieron en el cumplimiento de su deber.<\/p>\n\n\n\n<script async src=\"https:\/\/pagead2.googlesyndication.com\/pagead\/js\/adsbygoogle.js?client=ca-pub-4430952989861109\"\n     crossorigin=\"anonymous\"><\/script>\n<!-- LA OTRA 2022 CODIGOS 2 -->\n<ins class=\"adsbygoogle\"\n     style=\"display:block\"\n     data-ad-client=\"ca-pub-4430952989861109\"\n     data-ad-slot=\"5056687262\"\n     data-ad-format=\"auto\"\n     data-full-width-responsive=\"true\"><\/ins>\n<script>\n     (adsbygoogle = window.adsbygoogle || []).push({});\n<\/script>\n\n\n","protected":false},"excerpt":{"rendered":"<p>El presidente Andr\u00e9s Manuel L\u00f3pez Obrador asegur\u00f3 que en el operativo para detener a Ovidio Guzm\u00e1n se actu\u00f3 con responsabilidad para cuidar a la poblaci\u00f3n civil. Asimismo, el mandatario envi\u00f3 su solidaridad a la poblaci\u00f3n de Sinaloa. &#8220;De lo que se va a informar es de la manera responsable para en que se actu\u00f3 para [&hellip;]<\/p>\n","protected":false},"author":8,"featured_media":6154,"comment_status":"open","ping_status":"closed","sticky":false,"template":"","format":"standard","meta":{"footnotes":""},"categories":[6],"tags":[99],"class_list":["post-6151","post","type-post","status-publish","format-standard","has-post-thumbnail","hentry","category-actualidad","tag-noticias"],"_links":{"self":[{"href":"https:\/\/web.laotrafm.com\/index.php\/wp-json\/wp\/v2\/posts\/6151","targetHints":{"allow":["GET"]}}],"collection":[{"href":"https:\/\/web.laotrafm.com\/index.php\/wp-json\/wp\/v2\/posts"}],"about":[{"href":"https:\/\/web.laotrafm.com\/index.php\/wp-json\/wp\/v2\/types\/post"}],"author":[{"embeddable":true,"href":"https:\/\/web.laotrafm.com\/index.php\/wp-json\/wp\/v2\/users\/8"}],"replies":[{"embeddable":true,"href":"https:\/\/web.laotrafm.com\/index.php\/wp-json\/wp\/v2\/comments?post=6151"}],"version-history":[{"count":1,"href":"https:\/\/web.laotrafm.com\/index.php\/wp-json\/wp\/v2\/posts\/6151\/revisions"}],"predecessor-version":[{"id":6156,"href":"https:\/\/web.laotrafm.com\/index.php\/wp-json\/wp\/v2\/posts\/6151\/revisions\/6156"}],"wp:featuredmedia":[{"embeddable":true,"href":"https:\/\/web.laotrafm.com\/index.php\/wp-json\/wp\/v2\/media\/6154"}],"wp:attachment":[{"href":"https:\/\/web.laotrafm.com\/index.php\/wp-json\/wp\/v2\/media?parent=6151"}],"wp:term":[{"taxonomy":"category","embeddable":true,"href":"https:\/\/web.laotrafm.com\/index.php\/wp-json\/wp\/v2\/categories?post=6151"},{"taxonomy":"post_tag","embeddable":true,"href":"https:\/\/web.laotrafm.com\/index.php\/wp-json\/wp\/v2\/tags?post=6151"}],"curies":[{"name":"wp","href":"https:\/\/api.w.org\/{rel}","templated":true}]}}