{"id":6137,"date":"2023-01-06T08:37:17","date_gmt":"2023-01-06T16:07:17","guid":{"rendered":"https:\/\/web.laotrafm.com\/?p=6137"},"modified":"2023-01-06T08:37:18","modified_gmt":"2023-01-06T16:07:18","slug":"hogar-pequeno-consejos-de-diseno-para-optimizar-los-espacios","status":"publish","type":"post","link":"https:\/\/web.laotrafm.com\/index.php\/2023\/01\/06\/hogar-pequeno-consejos-de-diseno-para-optimizar-los-espacios\/","title":{"rendered":"\u00bfHogar peque\u00f1o? Consejos de dise\u00f1o para optimizar los espacios"},"content":{"rendered":"\n<p>La <strong>Escuela Superior de Dise\u00f1o de Barcelona<\/strong>, <a rel=\"noreferrer noopener\" href=\"https:\/\/www.esdesignbarcelona.com\/\" target=\"_blank\">ESDESIGN<\/a>, inform\u00f3 a <strong>NotiPress<\/strong> que, la superficie de las viviendas y apartamentos en las ciudades m\u00e1s grandes de M\u00e9xico es cada vez m\u00e1s peque\u00f1a y se ha <strong>reducido hasta en un 50% en la \u00faltima d\u00e9cada<\/strong>. Mientras que en pa\u00edses como Espa\u00f1a, una de cada tres viviendas tiene una superficie superior a los 100 m2, lo que representa un 35%, seg\u00fan los resultados de una investigaci\u00f3n realizada y publicada por el <a rel=\"noreferrer noopener\" href=\"https:\/\/www.idealista.com\/news\/etiquetas\/precio-metro-cuadrado\" target=\"_blank\">portal inmobiliario Idealista<\/a>. En este sentido, hay diferentes estrategias para optimizar el espacio.<\/p>\n\n\n\n<script async src=\"https:\/\/pagead2.googlesyndication.com\/pagead\/js\/adsbygoogle.js?client=ca-pub-4430952989861109\"\n     crossorigin=\"anonymous\"><\/script>\n<!-- LA OTRA 2022 NOTICIAS -->\n<ins class=\"adsbygoogle\"\n     style=\"display:block\"\n     data-ad-client=\"ca-pub-4430952989861109\"\n     data-ad-slot=\"5118845561\"\n     data-ad-format=\"auto\"\n     data-full-width-responsive=\"true\"><\/ins>\n<script>\n     (adsbygoogle = window.adsbygoogle || []).push({});\n<\/script>\n\n\n\n\n<p>Seg\u00fan Esther Rico, profesora del <a href=\"https:\/\/www.esdesignbarcelona.com\/master-en-diseno-de-interiores\" target=\"_blank\" rel=\"noreferrer noopener\">M\u00e1ster de Dise\u00f1o de Interiores<\/a> de ESDESIGN, al tener un espacio peque\u00f1o, es importante saber con cuantos metros se dispone, especialmente en altura, para optimizar la capacidad de almacenaje dependiendo del espacio disponible y la forma en que los espacios se usar\u00e1n a lo largo del d\u00eda.<\/p>\n\n\n\n<p>Elementos como la luz, mobiliario multifuncional-apilable y la organizaci\u00f3n ayudar\u00e1n a optimizar mejor el espacio. Para la organizaci\u00f3n, es muy importante tener en cuenta c\u00f3mo se utilizar\u00e1n los elementos del hogar en el transcurso del d\u00eda. Pues, se logra organizar los objetos de acuerdo a su funci\u00f3n, especialmente cuando viven varias personas en el mismo espacio.<\/p>\n\n\n\n<p><strong>\u00bfEs posible hacer lucir un espacio m\u00e1s amplio?<\/strong><\/p>\n\n\n\n<p>La luz y el color ayudan a cambiar la percepci\u00f3n del espacio; aplicar colores claros que ayuden a reflejar la luz y beneficiar\u00e1 a tener m\u00e1s sensaci\u00f3n de amplitud. Tambi\u00e9n se podr\u00eda aplicar un color oscuro al techo, para ayudar a tener la sensaci\u00f3n de que se &#8220;aleja&#8221; y teniendo en cuenta la parte m\u00e1s ancha o estrecha del espacio, ayudar\u00e1 con la sensaci\u00f3n de amplitud si se coloca el mobiliario en relaci\u00f3n con estas proporciones.<\/p>\n\n\n\n\n\n\n\n\n<p>Lo m\u00e1s importante, independientemente del tama\u00f1o con el que se cuenta, es que los espacios brinden calma, tranquilidad y confort. Por ello, es primordial priorizar la organizaci\u00f3n adecuada de los mismos, apoy\u00e1ndose mucho del <em>decluttering<\/em>, que consiste en deshacerse de cosas <strong>in\u00fatiles<\/strong> o cosas que ya no se usen, de todos los objetos que llenan los hogares, esto aplicado no solo a nivel objetos sino tambi\u00e9n mental.<\/p>\n\n\n\n<script async src=\"https:\/\/pagead2.googlesyndication.com\/pagead\/js\/adsbygoogle.js?client=ca-pub-4430952989861109\"\n     crossorigin=\"anonymous\"><\/script>\n<!-- LA OTRA 2022 CODIGOS 2 -->\n<ins class=\"adsbygoogle\"\n     style=\"display:block\"\n     data-ad-client=\"ca-pub-4430952989861109\"\n     data-ad-slot=\"5056687262\"\n     data-ad-format=\"auto\"\n     data-full-width-responsive=\"true\"><\/ins>\n<script>\n     (adsbygoogle = window.adsbygoogle || []).push({});\n<\/script>\n\n\n\n","protected":false},"excerpt":{"rendered":"<p>La Escuela Superior de Dise\u00f1o de Barcelona, ESDESIGN, inform\u00f3 a NotiPress que, la superficie de las viviendas y apartamentos en las ciudades m\u00e1s grandes de M\u00e9xico es cada vez m\u00e1s peque\u00f1a y se ha reducido hasta en un 50% en la \u00faltima d\u00e9cada. Mientras que en pa\u00edses como Espa\u00f1a, una de cada tres viviendas tiene [&hellip;]<\/p>\n","protected":false},"author":8,"featured_media":6149,"comment_status":"open","ping_status":"closed","sticky":false,"template":"","format":"standard","meta":{"footnotes":""},"categories":[6],"tags":[99],"class_list":["post-6137","post","type-post","status-publish","format-standard","has-post-thumbnail","hentry","category-actualidad","tag-noticias"],"_links":{"self":[{"href":"https:\/\/web.laotrafm.com\/index.php\/wp-json\/wp\/v2\/posts\/6137","targetHints":{"allow":["GET"]}}],"collection":[{"href":"https:\/\/web.laotrafm.com\/index.php\/wp-json\/wp\/v2\/posts"}],"about":[{"href":"https:\/\/web.laotrafm.com\/index.php\/wp-json\/wp\/v2\/types\/post"}],"author":[{"embeddable":true,"href":"https:\/\/web.laotrafm.com\/index.php\/wp-json\/wp\/v2\/users\/8"}],"replies":[{"embeddable":true,"href":"https:\/\/web.laotrafm.com\/index.php\/wp-json\/wp\/v2\/comments?post=6137"}],"version-history":[{"count":1,"href":"https:\/\/web.laotrafm.com\/index.php\/wp-json\/wp\/v2\/posts\/6137\/revisions"}],"predecessor-version":[{"id":6150,"href":"https:\/\/web.laotrafm.com\/index.php\/wp-json\/wp\/v2\/posts\/6137\/revisions\/6150"}],"wp:featuredmedia":[{"embeddable":true,"href":"https:\/\/web.laotrafm.com\/index.php\/wp-json\/wp\/v2\/media\/6149"}],"wp:attachment":[{"href":"https:\/\/web.laotrafm.com\/index.php\/wp-json\/wp\/v2\/media?parent=6137"}],"wp:term":[{"taxonomy":"category","embeddable":true,"href":"https:\/\/web.laotrafm.com\/index.php\/wp-json\/wp\/v2\/categories?post=6137"},{"taxonomy":"post_tag","embeddable":true,"href":"https:\/\/web.laotrafm.com\/index.php\/wp-json\/wp\/v2\/tags?post=6137"}],"curies":[{"name":"wp","href":"https:\/\/api.w.org\/{rel}","templated":true}]}}