{"id":6080,"date":"2022-12-15T12:22:38","date_gmt":"2022-12-15T19:52:38","guid":{"rendered":"https:\/\/web.laotrafm.com\/?p=6080"},"modified":"2022-12-15T12:22:39","modified_gmt":"2022-12-15T19:52:39","slug":"mirella-cesa-es-nueva-embajadora-de-unicef","status":"publish","type":"post","link":"https:\/\/web.laotrafm.com\/index.php\/2022\/12\/15\/mirella-cesa-es-nueva-embajadora-de-unicef\/","title":{"rendered":"Mirella Cesa es nueva embajadora de UNICEF"},"content":{"rendered":"\n<p>La compositora y cantante ecuatoriana Mirella Cesa, quien ha colaborado en campa\u00f1as de Unicef desde hace varios a\u00f1os, ha sido nombrada embajadora nacional de este organismo, seg\u00fan anunci\u00f3 este lunes la agencia de las Naciones Unidas en el pa\u00eds andino.<\/p>\n\n\n\n\n<script async src=\"https:\/\/pagead2.googlesyndication.com\/pagead\/js\/adsbygoogle.js?client=ca-pub-4430952989861109\"\n     crossorigin=\"anonymous\"><\/script>\n<!-- LA OTRA 2022 NOTICIAS -->\n<ins class=\"adsbygoogle\"\n     style=\"display:block\"\n     data-ad-client=\"ca-pub-4430952989861109\"\n     data-ad-slot=\"5118845561\"\n     data-ad-format=\"auto\"\n     data-full-width-responsive=\"true\"><\/ins>\n<script>\n     (adsbygoogle = window.adsbygoogle || []).push({});\n<\/script>\n\n\n\n\n<p>Reconocida a nivel internacional por fusionar instrumentos andinos con ritmos latinos y pop, Cesa se comprometi\u00f3 a apoyar los esfuerzos de Unicef (Fondo de las Naciones Unidas para la Infancia) para poner a los ni\u00f1os en primer lugar.<\/p>\n\n\n\n<p>Cesa se comprometi\u00f3 a apoyar los esfuerzos de Unicef (Fondo de las Naciones Unidas para la Infancia) para poner a la infancia en primer lugar.<\/p>\n\n\n\n<p>Como parte de esta iniciativa, la cantante guayaquile\u00f1a grab\u00f3 una melod\u00eda (\u201cjingle\u201d) junto a sus compatriotas Karla Kanora, Daniel Betancourth y Yilda Banchon.<\/p>\n\n\n\n<p>Esto con el fin de invitar a toda la sociedad a unirse a esta causa y tomar acci\u00f3n por la infancia.<\/p>\n\n\n\n\n\n\n\n\n<p>\u201cNuestros embajadores son elegidos no solo por ser ampliamente reconocidos sino por el respeto que inspiran y por su inter\u00e9s humanitario\u201d, afirm\u00f3 Luz \u00c1ngela Melo, representante de Unicef en Ecuador.<\/p>\n\n\n\n<p>\u201cNos llena de emoci\u00f3n contar con Mirella Cesa como embajadora Nacional de Unicef\u201d, a\u00f1adi\u00f3 Melo.<\/p>\n\n\n\n<script async src=\"https:\/\/pagead2.googlesyndication.com\/pagead\/js\/adsbygoogle.js?client=ca-pub-4430952989861109\"\n     crossorigin=\"anonymous\"><\/script>\n<!-- LA OTRA 2022 CODIGOS 2 -->\n<ins class=\"adsbygoogle\"\n     style=\"display:block\"\n     data-ad-client=\"ca-pub-4430952989861109\"\n     data-ad-slot=\"5056687262\"\n     data-ad-format=\"auto\"\n     data-full-width-responsive=\"true\"><\/ins>\n<script>\n     (adsbygoogle = window.adsbygoogle || []).push({});\n<\/script>\n\n","protected":false},"excerpt":{"rendered":"<p>La compositora y cantante ecuatoriana Mirella Cesa, quien ha colaborado en campa\u00f1as de Unicef desde hace varios a\u00f1os, ha sido nombrada embajadora nacional de este organismo, seg\u00fan anunci\u00f3 este lunes la agencia de las Naciones Unidas en el pa\u00eds andino. Reconocida a nivel internacional por fusionar instrumentos andinos con ritmos latinos y pop, Cesa se [&hellip;]<\/p>\n","protected":false},"author":8,"featured_media":6081,"comment_status":"open","ping_status":"closed","sticky":false,"template":"","format":"standard","meta":{"footnotes":""},"categories":[1],"tags":[121,9,12,99],"class_list":["post-6080","post","type-post","status-publish","format-standard","has-post-thumbnail","hentry","category-farandula-nacional","tag-actualidad","tag-ecuador","tag-farandula","tag-noticias"],"_links":{"self":[{"href":"https:\/\/web.laotrafm.com\/index.php\/wp-json\/wp\/v2\/posts\/6080","targetHints":{"allow":["GET"]}}],"collection":[{"href":"https:\/\/web.laotrafm.com\/index.php\/wp-json\/wp\/v2\/posts"}],"about":[{"href":"https:\/\/web.laotrafm.com\/index.php\/wp-json\/wp\/v2\/types\/post"}],"author":[{"embeddable":true,"href":"https:\/\/web.laotrafm.com\/index.php\/wp-json\/wp\/v2\/users\/8"}],"replies":[{"embeddable":true,"href":"https:\/\/web.laotrafm.com\/index.php\/wp-json\/wp\/v2\/comments?post=6080"}],"version-history":[{"count":1,"href":"https:\/\/web.laotrafm.com\/index.php\/wp-json\/wp\/v2\/posts\/6080\/revisions"}],"predecessor-version":[{"id":6082,"href":"https:\/\/web.laotrafm.com\/index.php\/wp-json\/wp\/v2\/posts\/6080\/revisions\/6082"}],"wp:featuredmedia":[{"embeddable":true,"href":"https:\/\/web.laotrafm.com\/index.php\/wp-json\/wp\/v2\/media\/6081"}],"wp:attachment":[{"href":"https:\/\/web.laotrafm.com\/index.php\/wp-json\/wp\/v2\/media?parent=6080"}],"wp:term":[{"taxonomy":"category","embeddable":true,"href":"https:\/\/web.laotrafm.com\/index.php\/wp-json\/wp\/v2\/categories?post=6080"},{"taxonomy":"post_tag","embeddable":true,"href":"https:\/\/web.laotrafm.com\/index.php\/wp-json\/wp\/v2\/tags?post=6080"}],"curies":[{"name":"wp","href":"https:\/\/api.w.org\/{rel}","templated":true}]}}