{"id":5975,"date":"2022-10-24T12:24:47","date_gmt":"2022-10-24T19:54:47","guid":{"rendered":"https:\/\/web.laotrafm.com\/?p=5975"},"modified":"2022-10-24T12:24:48","modified_gmt":"2022-10-24T19:54:48","slug":"asi-inicio-el-amor-entre-alejandra-jaramillo-y-efrain-ruales","status":"publish","type":"post","link":"https:\/\/web.laotrafm.com\/index.php\/2022\/10\/24\/asi-inicio-el-amor-entre-alejandra-jaramillo-y-efrain-ruales\/","title":{"rendered":"As\u00ed inici\u00f3 el amor entre Alejandra Jaramillo y Efra\u00edn Ruales"},"content":{"rendered":"\n<p>Una historia de amor que la audiencia y Ecuador en especial, a\u00fan no olvida. La panelista de\u00a0<em>\u00b4Si\u00e9ntese quien pueda\u00b4\u00a0<\/em><strong>Alejandra Jaramillo,\u00a0<\/strong>ahora m\u00e1s que nunca, acapara la mirada de los televidentes, tras la salida de su compa\u00f1era de set,\u00a0<strong>Liliana Rodr\u00edguez,\u00a0<\/strong>con quien tuvo m\u00e1s de una controversia.<\/p>\n\n\n\n<script async src=\"https:\/\/pagead2.googlesyndication.com\/pagead\/js\/adsbygoogle.js?client=ca-pub-4430952989861109\"\n     crossorigin=\"anonymous\"><\/script>\n<!-- LA OTRA 2022 CODIGOS 2 -->\n<ins class=\"adsbygoogle\"\n     style=\"display:block\"\n     data-ad-client=\"ca-pub-4430952989861109\"\n     data-ad-slot=\"5056687262\"\n     data-ad-format=\"auto\"\n     data-full-width-responsive=\"true\"><\/ins>\n<script>\n     (adsbygoogle = window.adsbygoogle || []).push({});\n<\/script>\n\n\n\n\n<p>Alejandra Jaramillo panelista del programa reality de far\u00e1ndula \u201cSientese Quien Pueda\u201d hablo de c\u00f3mo se enamor\u00f3 de\u00a0Efra\u00edn Ruales.<\/p>\n\n\n\n\n\n\n\n\n<p><em><strong>\u201cA m\u00ed me pas\u00f3, yo me enamor\u00e9 de Efra, en el mismo set, no \u00e9ramos actores en ese momento, est\u00e1bamos como conductores del mismo programa y la verdad es que disfrut\u00e1bamos bastante de trabajar juntos, yo creo que depende tambi\u00e9n de como se maneje, con el respeto tambi\u00e9n y poniendo l\u00edmites de saber que no puedes mezclar lo profesional con lo personal y si ambos est\u00e1n en la misma sinton\u00eda, entonces para m\u00ed si puede funcionar, sobre todo cuando el amor es real, honesto, traspasa esa algarab\u00eda de las c\u00e1maras y las luces\u201d,&nbsp;<\/strong><\/em>dijo Alejandra, haciendo memoria de quien fue su ex pareja.<\/p>\n\n\n\n<p>Han pasado un a\u00f1o y 10 meses desde que el ex presentador de\u00a0<em>\u00b4En Contacto\u00b4\u00a0<\/em>fue asesinado<em>,\u00a0<\/em>sin embargo, la ecuatoriana en una muy reciente entrevista, habl\u00f3 de como se encuentra su coraz\u00f3n y si ha pensado en un nuevo intento con alguien y asegur\u00f3 que Efra\u00edn sigue estando muy presente en su vida.<\/p>\n\n\n\n<script async src=\"https:\/\/pagead2.googlesyndication.com\/pagead\/js\/adsbygoogle.js?client=ca-pub-4430952989861109\"\n     crossorigin=\"anonymous\"><\/script>\n<!-- LA OTRA 2022 NOTICIAS -->\n<ins class=\"adsbygoogle\"\n     style=\"display:block\"\n     data-ad-client=\"ca-pub-4430952989861109\"\n     data-ad-slot=\"5118845561\"\n     data-ad-format=\"auto\"\n     data-full-width-responsive=\"true\"><\/ins>\n<script>\n     (adsbygoogle = window.adsbygoogle || []).push({});\n<\/script>\n\n","protected":false},"excerpt":{"rendered":"<p>Una historia de amor que la audiencia y Ecuador en especial, a\u00fan no olvida. La panelista de\u00a0\u00b4Si\u00e9ntese quien pueda\u00b4\u00a0Alejandra Jaramillo,\u00a0ahora m\u00e1s que nunca, acapara la mirada de los televidentes, tras la salida de su compa\u00f1era de set,\u00a0Liliana Rodr\u00edguez,\u00a0con quien tuvo m\u00e1s de una controversia. Alejandra Jaramillo panelista del programa reality de far\u00e1ndula \u201cSientese Quien Pueda\u201d [&hellip;]<\/p>\n","protected":false},"author":8,"featured_media":5976,"comment_status":"open","ping_status":"closed","sticky":false,"template":"","format":"standard","meta":{"footnotes":""},"categories":[1],"tags":[121,9,12,99],"class_list":["post-5975","post","type-post","status-publish","format-standard","has-post-thumbnail","hentry","category-farandula-nacional","tag-actualidad","tag-ecuador","tag-farandula","tag-noticias"],"_links":{"self":[{"href":"https:\/\/web.laotrafm.com\/index.php\/wp-json\/wp\/v2\/posts\/5975","targetHints":{"allow":["GET"]}}],"collection":[{"href":"https:\/\/web.laotrafm.com\/index.php\/wp-json\/wp\/v2\/posts"}],"about":[{"href":"https:\/\/web.laotrafm.com\/index.php\/wp-json\/wp\/v2\/types\/post"}],"author":[{"embeddable":true,"href":"https:\/\/web.laotrafm.com\/index.php\/wp-json\/wp\/v2\/users\/8"}],"replies":[{"embeddable":true,"href":"https:\/\/web.laotrafm.com\/index.php\/wp-json\/wp\/v2\/comments?post=5975"}],"version-history":[{"count":1,"href":"https:\/\/web.laotrafm.com\/index.php\/wp-json\/wp\/v2\/posts\/5975\/revisions"}],"predecessor-version":[{"id":5977,"href":"https:\/\/web.laotrafm.com\/index.php\/wp-json\/wp\/v2\/posts\/5975\/revisions\/5977"}],"wp:featuredmedia":[{"embeddable":true,"href":"https:\/\/web.laotrafm.com\/index.php\/wp-json\/wp\/v2\/media\/5976"}],"wp:attachment":[{"href":"https:\/\/web.laotrafm.com\/index.php\/wp-json\/wp\/v2\/media?parent=5975"}],"wp:term":[{"taxonomy":"category","embeddable":true,"href":"https:\/\/web.laotrafm.com\/index.php\/wp-json\/wp\/v2\/categories?post=5975"},{"taxonomy":"post_tag","embeddable":true,"href":"https:\/\/web.laotrafm.com\/index.php\/wp-json\/wp\/v2\/tags?post=5975"}],"curies":[{"name":"wp","href":"https:\/\/api.w.org\/{rel}","templated":true}]}}