{"id":5968,"date":"2022-10-21T11:50:19","date_gmt":"2022-10-21T19:20:19","guid":{"rendered":"https:\/\/web.laotrafm.com\/?p=5968"},"modified":"2022-10-21T11:50:20","modified_gmt":"2022-10-21T19:20:20","slug":"vertiv-anuncia-el-latam-partner-summit-2022","status":"publish","type":"post","link":"https:\/\/web.laotrafm.com\/index.php\/2022\/10\/21\/vertiv-anuncia-el-latam-partner-summit-2022\/","title":{"rendered":"Vertiv Anuncia el Latam Partner Summit 2022"},"content":{"rendered":"\n<p>Vertiv (NYSE: VRT), un proveedor global de soluciones de continuidad e infraestructura digital cr\u00edtica, anunci\u00f3 hoy el <a href=\"https:\/\/www.vertiv.com\/es-latam\/about\/news-and-insights\/events\/latam-partner-summit-2022\/?elqTrackId=47113d0dd16f45539d765debdbea7537&amp;elq=76e9c05572964284855ce9021b915f90&amp;elqaid=18207&amp;elqat=1&amp;elqCampaignId=\">Latam Partner Summit 2022<\/a>. El \u00a0tema central ser\u00e1 \u201cEcosistemas con prop\u00f3sito\u201d en aras de potenciar las alianzas entre los diferentes actores de la industria de centros de datos para impulsar las oportunidades de negocio el a\u00f1o que viene.<\/p>\n\n\n\n\n<script async src=\"https:\/\/pagead2.googlesyndication.com\/pagead\/js\/adsbygoogle.js?client=ca-pub-4430952989861109\"\n     crossorigin=\"anonymous\"><\/script>\n<!-- LA OTRA 2022 CODIGOS 2 -->\n<ins class=\"adsbygoogle\"\n     style=\"display:block\"\n     data-ad-client=\"ca-pub-4430952989861109\"\n     data-ad-slot=\"5056687262\"\n     data-ad-format=\"auto\"\n     data-full-width-responsive=\"true\"><\/ins>\n<script>\n     (adsbygoogle = window.adsbygoogle || []).push({});\n<\/script>\n\n\n\n\n<p>El evento se llevar\u00e1 a cabo el 20 de octubre y ser\u00e1 transmitido a trav\u00e9s de la plataforma LinkedIn Live. Los asistentes podr\u00e1n acceder a m\u00e1s de seis horas de contenido ininterrumpido en tres idiomas y m\u00faltiples formatos: siete paneles y dos conferencias con la participaci\u00f3n de los speakers internacionales, John Price, managing director de Americas Market Intelligence y Mar\u00eda Paula Duque, Sustainability Lead en Microsoft LATAM.<\/p>\n\n\n\n<p>La apertura del evento estar\u00e1 a cargo de Giordano Albertazzi, Chief Operating Officer and President, Vertiv Americas y Rafael Garrido, vice president, Vertiv LATAM con el panel \u201cCrecimiento de la inversi\u00f3n en el mercado de Centros de Datos de Am\u00e9rica Latina y las oportunidades de negocio\u201d.<\/p>\n\n\n\n\n\n\n\n\n<p>\u201cHemos preparado un espacio sobre liderazgo que le brindar\u00e1 a nuestros socios las herramientas necesarias para abordar la transformaci\u00f3n digital y tomar las decisiones correctas para impulsar sus negocios en 2023\u201d, afirm\u00f3 Saida Ortiz, directora de canales en Vertiv para Am\u00e9rica Latina.<\/p>\n\n\n\n<p>El evento tambi\u00e9n contar\u00e1 con una \u00a0premiaci\u00f3n\u00a0 en la cual se reconocer\u00e1n en distintas categor\u00edas los logros y el \u00e9xito de los partners este a\u00f1o.<\/p>\n\n\n\n<script async src=\"https:\/\/pagead2.googlesyndication.com\/pagead\/js\/adsbygoogle.js?client=ca-pub-4430952989861109\"\n     crossorigin=\"anonymous\"><\/script>\n<!-- LA OTRA 2022 NOTICIAS -->\n<ins class=\"adsbygoogle\"\n     style=\"display:block\"\n     data-ad-client=\"ca-pub-4430952989861109\"\n     data-ad-slot=\"5118845561\"\n     data-ad-format=\"auto\"\n     data-full-width-responsive=\"true\"><\/ins>\n<script>\n     (adsbygoogle = window.adsbygoogle || []).push({});\n<\/script>\n\n","protected":false},"excerpt":{"rendered":"<p>Vertiv (NYSE: VRT), un proveedor global de soluciones de continuidad e infraestructura digital cr\u00edtica, anunci\u00f3 hoy el Latam Partner Summit 2022. El \u00a0tema central ser\u00e1 \u201cEcosistemas con prop\u00f3sito\u201d en aras de potenciar las alianzas entre los diferentes actores de la industria de centros de datos para impulsar las oportunidades de negocio el a\u00f1o que viene. [&hellip;]<\/p>\n","protected":false},"author":8,"featured_media":5965,"comment_status":"open","ping_status":"closed","sticky":false,"template":"","format":"standard","meta":{"footnotes":""},"categories":[6],"tags":[121,99],"class_list":["post-5968","post","type-post","status-publish","format-standard","has-post-thumbnail","hentry","category-actualidad","tag-actualidad","tag-noticias"],"_links":{"self":[{"href":"https:\/\/web.laotrafm.com\/index.php\/wp-json\/wp\/v2\/posts\/5968","targetHints":{"allow":["GET"]}}],"collection":[{"href":"https:\/\/web.laotrafm.com\/index.php\/wp-json\/wp\/v2\/posts"}],"about":[{"href":"https:\/\/web.laotrafm.com\/index.php\/wp-json\/wp\/v2\/types\/post"}],"author":[{"embeddable":true,"href":"https:\/\/web.laotrafm.com\/index.php\/wp-json\/wp\/v2\/users\/8"}],"replies":[{"embeddable":true,"href":"https:\/\/web.laotrafm.com\/index.php\/wp-json\/wp\/v2\/comments?post=5968"}],"version-history":[{"count":1,"href":"https:\/\/web.laotrafm.com\/index.php\/wp-json\/wp\/v2\/posts\/5968\/revisions"}],"predecessor-version":[{"id":5969,"href":"https:\/\/web.laotrafm.com\/index.php\/wp-json\/wp\/v2\/posts\/5968\/revisions\/5969"}],"wp:featuredmedia":[{"embeddable":true,"href":"https:\/\/web.laotrafm.com\/index.php\/wp-json\/wp\/v2\/media\/5965"}],"wp:attachment":[{"href":"https:\/\/web.laotrafm.com\/index.php\/wp-json\/wp\/v2\/media?parent=5968"}],"wp:term":[{"taxonomy":"category","embeddable":true,"href":"https:\/\/web.laotrafm.com\/index.php\/wp-json\/wp\/v2\/categories?post=5968"},{"taxonomy":"post_tag","embeddable":true,"href":"https:\/\/web.laotrafm.com\/index.php\/wp-json\/wp\/v2\/tags?post=5968"}],"curies":[{"name":"wp","href":"https:\/\/api.w.org\/{rel}","templated":true}]}}