{"id":5943,"date":"2022-10-18T08:56:02","date_gmt":"2022-10-18T16:26:02","guid":{"rendered":"https:\/\/web.laotrafm.com\/?p=5943"},"modified":"2022-10-18T08:56:03","modified_gmt":"2022-10-18T16:26:03","slug":"menores-tienen-hasta-8-resfriados-al-ano","status":"publish","type":"post","link":"https:\/\/web.laotrafm.com\/index.php\/2022\/10\/18\/menores-tienen-hasta-8-resfriados-al-ano\/","title":{"rendered":"Menores tienen hasta 8 resfriados al a\u00f1o"},"content":{"rendered":"\n<p>Durante la <strong>temporada<\/strong> <strong>invernal<\/strong>, la poblaci\u00f3n de menores llegan a acumular alrededor de<strong> ocho resfriados al a\u00f1o<\/strong>. Por ello, la farmac\u00e9utica mexicana <strong>Laboratorios<\/strong> <strong>Silanes<\/strong> desarroll\u00f3 la primera combinaci\u00f3n en suspensi\u00f3n de ibuprofeno con paracetamol, de prescripci\u00f3n m\u00e9dica y en presentaci\u00f3n s\u00f3lido oral. La cual ayuda a reducir dolor, fiebre e inflamaci\u00f3n, siendo estos los principales s\u00edntomas que caracterizan las Infecciones en v\u00edas respiratorias.<\/p>\n\n\n\n<script async src=\"https:\/\/pagead2.googlesyndication.com\/pagead\/js\/adsbygoogle.js?client=ca-pub-4430952989861109\"\n     crossorigin=\"anonymous\"><\/script>\n<!-- LA OTRA 2022 CODIGOS 2 -->\n<ins class=\"adsbygoogle\"\n     style=\"display:block\"\n     data-ad-client=\"ca-pub-4430952989861109\"\n     data-ad-slot=\"5056687262\"\n     data-ad-format=\"auto\"\n     data-full-width-responsive=\"true\"><\/ins>\n<script>\n     (adsbygoogle = window.adsbygoogle || []).push({});\n<\/script>\n\n\n\n\n\n<p>Ruth Aldana, especialista en neumolog\u00eda pedi\u00e1trica explic\u00f3 que en el <strong>70% de los casos de infecciones <\/strong>en v\u00edas <a href=\"https:\/\/notipress.mx\/vida\/eliminacion-cubrebocas-recomendaciones-enfermedades-12509\">respiratorias<\/a> es en menores de dos a\u00f1os. Por lo cual, los padres subestiman el cuadro <strong>sintom\u00e1tico<\/strong> de fiebre, dolor e inflamaci\u00f3n lo cual ocasiona complicaciones que incluso pueden terminar en una neumon\u00eda.<\/p>\n\n\n\n\n\n\n\n\n<p>En ese sentido, en 2021, la influenza y neumon\u00eda se ubicaron en la cuarta posici\u00f3n de las <strong>principales<\/strong> causas de <strong>muerte<\/strong> en personas menores de cinco a\u00f1os. Lo anterior, de acuerdo con cifras del <strong>Instituto Nacional de Estad\u00edstica y Geograf\u00eda<\/strong> (INEGI). Y es que, conforme se acerca la temporada invernal el cuadro de infecciones respiratorias toma fuerza.<\/p>\n\n\n\n<p>De esta forma, la poblaci\u00f3n que m\u00e1s se ve afectada por complicaciones en las v\u00edas respiratorias son los ni\u00f1os menores, quienes tienen hasta ocho resfriados al a\u00f1o. Asimismo, <strong>adultos<\/strong> <strong>mayores<\/strong> de 60 a\u00f1os, <strong>mujeres<\/strong> <strong>embarazadas<\/strong>, personas con problemas cr\u00f3nicos de salud, SIDA o bajas de defensas por alg\u00fan medicamento o con c\u00e1ncer en quimioterapia. Ello, porque las enfermedades suelen complicarse m\u00e1s particularmente de <strong>coronavirus<\/strong> o <strong>influenza<\/strong>, seg\u00fan el doctor <strong>Alejandro Mac\u00edas<\/strong>, infect\u00f3logo y catedr\u00e1tico de la Universidad de Guanajuato.<\/p>\n\n\n\n<script async src=\"https:\/\/pagead2.googlesyndication.com\/pagead\/js\/adsbygoogle.js?client=ca-pub-4430952989861109\"\n     crossorigin=\"anonymous\"><\/script>\n<!-- LA OTRA 2022 NOTICIAS -->\n<ins class=\"adsbygoogle\"\n     style=\"display:block\"\n     data-ad-client=\"ca-pub-4430952989861109\"\n     data-ad-slot=\"5118845561\"\n     data-ad-format=\"auto\"\n     data-full-width-responsive=\"true\"><\/ins>\n<script>\n     (adsbygoogle = window.adsbygoogle || []).push({});\n<\/script>\n\n","protected":false},"excerpt":{"rendered":"<p>Durante la temporada invernal, la poblaci\u00f3n de menores llegan a acumular alrededor de ocho resfriados al a\u00f1o. Por ello, la farmac\u00e9utica mexicana Laboratorios Silanes desarroll\u00f3 la primera combinaci\u00f3n en suspensi\u00f3n de ibuprofeno con paracetamol, de prescripci\u00f3n m\u00e9dica y en presentaci\u00f3n s\u00f3lido oral. La cual ayuda a reducir dolor, fiebre e inflamaci\u00f3n, siendo estos los principales [&hellip;]<\/p>\n","protected":false},"author":8,"featured_media":5944,"comment_status":"open","ping_status":"closed","sticky":false,"template":"","format":"standard","meta":{"footnotes":""},"categories":[6],"tags":[121,99,331],"class_list":["post-5943","post","type-post","status-publish","format-standard","has-post-thumbnail","hentry","category-actualidad","tag-actualidad","tag-noticias","tag-salud"],"_links":{"self":[{"href":"https:\/\/web.laotrafm.com\/index.php\/wp-json\/wp\/v2\/posts\/5943","targetHints":{"allow":["GET"]}}],"collection":[{"href":"https:\/\/web.laotrafm.com\/index.php\/wp-json\/wp\/v2\/posts"}],"about":[{"href":"https:\/\/web.laotrafm.com\/index.php\/wp-json\/wp\/v2\/types\/post"}],"author":[{"embeddable":true,"href":"https:\/\/web.laotrafm.com\/index.php\/wp-json\/wp\/v2\/users\/8"}],"replies":[{"embeddable":true,"href":"https:\/\/web.laotrafm.com\/index.php\/wp-json\/wp\/v2\/comments?post=5943"}],"version-history":[{"count":1,"href":"https:\/\/web.laotrafm.com\/index.php\/wp-json\/wp\/v2\/posts\/5943\/revisions"}],"predecessor-version":[{"id":5955,"href":"https:\/\/web.laotrafm.com\/index.php\/wp-json\/wp\/v2\/posts\/5943\/revisions\/5955"}],"wp:featuredmedia":[{"embeddable":true,"href":"https:\/\/web.laotrafm.com\/index.php\/wp-json\/wp\/v2\/media\/5944"}],"wp:attachment":[{"href":"https:\/\/web.laotrafm.com\/index.php\/wp-json\/wp\/v2\/media?parent=5943"}],"wp:term":[{"taxonomy":"category","embeddable":true,"href":"https:\/\/web.laotrafm.com\/index.php\/wp-json\/wp\/v2\/categories?post=5943"},{"taxonomy":"post_tag","embeddable":true,"href":"https:\/\/web.laotrafm.com\/index.php\/wp-json\/wp\/v2\/tags?post=5943"}],"curies":[{"name":"wp","href":"https:\/\/api.w.org\/{rel}","templated":true}]}}