{"id":5808,"date":"2022-09-08T08:21:18","date_gmt":"2022-09-08T15:51:18","guid":{"rendered":"https:\/\/web.laotrafm.com\/?p=5808"},"modified":"2022-09-08T09:24:48","modified_gmt":"2022-09-08T16:54:48","slug":"victor-arauz-no-se-disculpo-con-carolina-jaume","status":"publish","type":"post","link":"https:\/\/web.laotrafm.com\/index.php\/2022\/09\/08\/victor-arauz-no-se-disculpo-con-carolina-jaume\/","title":{"rendered":"V\u00edctor Ar\u00e1uz no se disculp\u00f3 con Carolina Jaume"},"content":{"rendered":"\n<p>Ante la pol\u00e9mica generada por V\u00edctor Ar\u00e1uz y la presentadora Carolina Jaume, el actor que da vida a la Michy, ofreci\u00f3 disculpas, pero no reconoci\u00f3 a Jaume. <\/p>\n\n\n\n<script async=\"\" src=\"https:\/\/pagead2.googlesyndication.com\/pagead\/js\/adsbygoogle.js?client=ca-pub-4430952989861109\" crossorigin=\"anonymous\"><\/script>\n<!-- LA OTRA 2022 NOTICIAS -->\n<ins class=\"adsbygoogle\" style=\"display:block\" data-ad-client=\"ca-pub-4430952989861109\" data-ad-slot=\"5118845561\" data-ad-format=\"auto\" data-full-width-responsive=\"true\"><\/ins>\n<script>\n     (adsbygoogle = window.adsbygoogle || []).push({});\n<\/script>\n\n\n\n<p>La pol\u00e9mica inici\u00f3 con una parodia que tuvo como estelares a David Reinoso, Ara\u00faz, Jaume y la productora Catrina Tala. <\/p>\n\n\n\n<p id=\"m86-85-87\">En un v\u00eddeo que circula en redes sociales se ve al actor que da vida a La Michy, con un rostro apesadumbrado, junto a sus compa\u00f1eros&nbsp;<strong>Christian Maquil\u00f3n y David Reinoso<\/strong>, y expresa su malestar por lo acontecido el s\u00e1bado 3 de septiembre.<\/p>\n\n\n\n<p id=\"m91-90-92\">El d\u00eda en menci\u00f3n, los tres aparecieron parodiando la audiencia fallida de la actriz y presentadora de televisi\u00f3n Carolina Jaume y el enfrentamiento con su expareja Allan Zenck.&nbsp;<\/p>\n\n\n\n<p>Jaume se\u00f1al\u00f3 en redes sociales que los actores se burlaron de su situaci\u00f3n. <\/p>\n\n\n\n\n\n\n\n<p>En el nuevo v\u00eddeo, Ar\u00e1uz pide &#8220;disculpas p\u00fablicas&#8221; al lado de Maquil\u00f3n y Reinoso, con un &#8220;documento notarizado&#8221; por el da\u00f1o ocasionado, pero no a Carolina Jaume, sino al p\u00fablico que acudi\u00f3 al<strong>&nbsp;espect\u00e1culo del Fedenador<\/strong>, ofrecido la tarde del 3 de septiembre y que no pudo ingresar debido a la alta demanda de entradas, por lo que, pensando en ellos, se llevar\u00e1 a cabo la \u00faltima funci\u00f3n de La Michy y La Melo la noche del domingo 11 de septiembre en el teatro situado en la v\u00eda a la costa.<\/p>\n\n\n\n<script async=\"\" src=\"https:\/\/pagead2.googlesyndication.com\/pagead\/js\/adsbygoogle.js?client=ca-pub-4430952989861109\" crossorigin=\"anonymous\"><\/script>\n<!-- LA OTRA 2022 CODIGOS 2 -->\n<ins class=\"adsbygoogle\" style=\"display:block\" data-ad-client=\"ca-pub-4430952989861109\" data-ad-slot=\"5056687262\" data-ad-format=\"auto\" data-full-width-responsive=\"true\"><\/ins>\n<script>\n     (adsbygoogle = window.adsbygoogle || []).push({});\n<\/script>\n","protected":false},"excerpt":{"rendered":"<p>Ante la pol\u00e9mica generada por V\u00edctor Ar\u00e1uz y la presentadora Carolina Jaume, el actor que da vida a la Michy, ofreci\u00f3 disculpas, pero no reconoci\u00f3 a Jaume. La pol\u00e9mica inici\u00f3 con una parodia que tuvo como estelares a David Reinoso, Ara\u00faz, Jaume y la productora Catrina Tala. En un v\u00eddeo que circula en redes sociales [&hellip;]<\/p>\n","protected":false},"author":8,"featured_media":5812,"comment_status":"open","ping_status":"closed","sticky":false,"template":"","format":"standard","meta":{"footnotes":""},"categories":[6,1],"tags":[121,9,12,95,99],"class_list":["post-5808","post","type-post","status-publish","format-standard","has-post-thumbnail","hentry","category-actualidad","category-farandula-nacional","tag-actualidad","tag-ecuador","tag-farandula","tag-internacional","tag-noticias"],"_links":{"self":[{"href":"https:\/\/web.laotrafm.com\/index.php\/wp-json\/wp\/v2\/posts\/5808","targetHints":{"allow":["GET"]}}],"collection":[{"href":"https:\/\/web.laotrafm.com\/index.php\/wp-json\/wp\/v2\/posts"}],"about":[{"href":"https:\/\/web.laotrafm.com\/index.php\/wp-json\/wp\/v2\/types\/post"}],"author":[{"embeddable":true,"href":"https:\/\/web.laotrafm.com\/index.php\/wp-json\/wp\/v2\/users\/8"}],"replies":[{"embeddable":true,"href":"https:\/\/web.laotrafm.com\/index.php\/wp-json\/wp\/v2\/comments?post=5808"}],"version-history":[{"count":2,"href":"https:\/\/web.laotrafm.com\/index.php\/wp-json\/wp\/v2\/posts\/5808\/revisions"}],"predecessor-version":[{"id":5814,"href":"https:\/\/web.laotrafm.com\/index.php\/wp-json\/wp\/v2\/posts\/5808\/revisions\/5814"}],"wp:featuredmedia":[{"embeddable":true,"href":"https:\/\/web.laotrafm.com\/index.php\/wp-json\/wp\/v2\/media\/5812"}],"wp:attachment":[{"href":"https:\/\/web.laotrafm.com\/index.php\/wp-json\/wp\/v2\/media?parent=5808"}],"wp:term":[{"taxonomy":"category","embeddable":true,"href":"https:\/\/web.laotrafm.com\/index.php\/wp-json\/wp\/v2\/categories?post=5808"},{"taxonomy":"post_tag","embeddable":true,"href":"https:\/\/web.laotrafm.com\/index.php\/wp-json\/wp\/v2\/tags?post=5808"}],"curies":[{"name":"wp","href":"https:\/\/api.w.org\/{rel}","templated":true}]}}