{"id":5752,"date":"2022-08-31T08:20:46","date_gmt":"2022-08-31T15:50:46","guid":{"rendered":"https:\/\/web.laotrafm.com\/?p=5752"},"modified":"2022-08-31T08:20:46","modified_gmt":"2022-08-31T15:50:46","slug":"malas-noticias-para-felix-torres-y-la-tri","status":"publish","type":"post","link":"https:\/\/web.laotrafm.com\/index.php\/2022\/08\/31\/malas-noticias-para-felix-torres-y-la-tri\/","title":{"rendered":"Malas noticias para F\u00e9lix Torres y la Tri"},"content":{"rendered":"\n<p>Se confirm\u00f3 el diagn\u00f3stico de F\u00e9lix Torres por la lesi\u00f3n que sufri\u00f3 la anterior semana ante Atl\u00e9tico San Luis.<\/p>\n\n\n\n<script async src=\"https:\/\/pagead2.googlesyndication.com\/pagead\/js\/adsbygoogle.js?client=ca-pub-4430952989861109\"\n     crossorigin=\"anonymous\"><\/script>\n<!-- LA OTRA 2022 NOTICIAS -->\n<ins class=\"adsbygoogle\"\n     style=\"display:block\"\n     data-ad-client=\"ca-pub-4430952989861109\"\n     data-ad-slot=\"5118845561\"\n     data-ad-format=\"auto\"\n     data-full-width-responsive=\"true\"><\/ins>\n<script>\n     (adsbygoogle = window.adsbygoogle || []).push({});\n<\/script>\n\n\n\n\n\n<p>Si bien exist\u00eda varios informes que apuntaban que la lesi\u00f3n del defensa no era tan grave, Santos Laguna oficializ\u00f3 su diagn\u00f3stico m\u00e9dico, lesi\u00f3n muscular de grado dos en la zona del b\u00edceps femoral de la pierna izquierda.<\/p>\n\n\n\n<figure class=\"wp-block-image size-full\"><img loading=\"lazy\" decoding=\"async\" width=\"1024\" height=\"829\" src=\"https:\/\/web.laotrafm.com\/wp-content\/uploads\/2022\/08\/image-2.png\" alt=\"\" class=\"wp-image-5753\" srcset=\"https:\/\/web.laotrafm.com\/wp-content\/uploads\/2022\/08\/image-2.png 1024w, https:\/\/web.laotrafm.com\/wp-content\/uploads\/2022\/08\/image-2-300x243.png 300w, https:\/\/web.laotrafm.com\/wp-content\/uploads\/2022\/08\/image-2-768x622.png 768w\" sizes=\"auto, (max-width: 1024px) 100vw, 1024px\" \/><\/figure>\n\n\n\n<p>Un total de 4 semanas ser\u00e1 el tiempo de recuperaci\u00f3n para el ecuatoriano que se perder\u00e1 de la fecha FIFA ante Arabia Saudita y Jap\u00f3n.<\/p>\n\n\n\n<p>La lesi\u00f3n que se ha confirmado no compromete en nada la participaci\u00f3n de F\u00e9lix en el Mundial de Qatar 2022.<\/p>\n\n\n\n<script async src=\"https:\/\/pagead2.googlesyndication.com\/pagead\/js\/adsbygoogle.js?client=ca-pub-4430952989861109\"\n     crossorigin=\"anonymous\"><\/script>\n<!-- LA OTRA 2022 CODIGOS 2 -->\n<ins class=\"adsbygoogle\"\n     style=\"display:block\"\n     data-ad-client=\"ca-pub-4430952989861109\"\n     data-ad-slot=\"5056687262\"\n     data-ad-format=\"auto\"\n     data-full-width-responsive=\"true\"><\/ins>\n<script>\n     (adsbygoogle = window.adsbygoogle || []).push({});\n<\/script>\n\n","protected":false},"excerpt":{"rendered":"<p>Se confirm\u00f3 el diagn\u00f3stico de F\u00e9lix Torres por la lesi\u00f3n que sufri\u00f3 la anterior semana ante Atl\u00e9tico San Luis. Si bien exist\u00eda varios informes que apuntaban que la lesi\u00f3n del defensa no era tan grave, Santos Laguna oficializ\u00f3 su diagn\u00f3stico m\u00e9dico, lesi\u00f3n muscular de grado dos en la zona del b\u00edceps femoral de la pierna [&hellip;]<\/p>\n","protected":false},"author":8,"featured_media":5754,"comment_status":"open","ping_status":"closed","sticky":false,"template":"","format":"standard","meta":{"footnotes":""},"categories":[5],"tags":[121,95,99],"class_list":["post-5752","post","type-post","status-publish","format-standard","has-post-thumbnail","hentry","category-deportes","tag-actualidad","tag-internacional","tag-noticias"],"_links":{"self":[{"href":"https:\/\/web.laotrafm.com\/index.php\/wp-json\/wp\/v2\/posts\/5752","targetHints":{"allow":["GET"]}}],"collection":[{"href":"https:\/\/web.laotrafm.com\/index.php\/wp-json\/wp\/v2\/posts"}],"about":[{"href":"https:\/\/web.laotrafm.com\/index.php\/wp-json\/wp\/v2\/types\/post"}],"author":[{"embeddable":true,"href":"https:\/\/web.laotrafm.com\/index.php\/wp-json\/wp\/v2\/users\/8"}],"replies":[{"embeddable":true,"href":"https:\/\/web.laotrafm.com\/index.php\/wp-json\/wp\/v2\/comments?post=5752"}],"version-history":[{"count":1,"href":"https:\/\/web.laotrafm.com\/index.php\/wp-json\/wp\/v2\/posts\/5752\/revisions"}],"predecessor-version":[{"id":5755,"href":"https:\/\/web.laotrafm.com\/index.php\/wp-json\/wp\/v2\/posts\/5752\/revisions\/5755"}],"wp:featuredmedia":[{"embeddable":true,"href":"https:\/\/web.laotrafm.com\/index.php\/wp-json\/wp\/v2\/media\/5754"}],"wp:attachment":[{"href":"https:\/\/web.laotrafm.com\/index.php\/wp-json\/wp\/v2\/media?parent=5752"}],"wp:term":[{"taxonomy":"category","embeddable":true,"href":"https:\/\/web.laotrafm.com\/index.php\/wp-json\/wp\/v2\/categories?post=5752"},{"taxonomy":"post_tag","embeddable":true,"href":"https:\/\/web.laotrafm.com\/index.php\/wp-json\/wp\/v2\/tags?post=5752"}],"curies":[{"name":"wp","href":"https:\/\/api.w.org\/{rel}","templated":true}]}}