{"id":5393,"date":"2022-07-06T10:00:43","date_gmt":"2022-07-06T17:30:43","guid":{"rendered":"https:\/\/web.laotrafm.com\/?p=5393"},"modified":"2022-07-06T10:00:44","modified_gmt":"2022-07-06T17:30:44","slug":"primer-caso-confirmado-de-viruela-del-mono-en-ecuador","status":"publish","type":"post","link":"https:\/\/web.laotrafm.com\/index.php\/2022\/07\/06\/primer-caso-confirmado-de-viruela-del-mono-en-ecuador\/","title":{"rendered":"Primer caso confirmado de viruela del Mono en Ecuador"},"content":{"rendered":"\n<figure class=\"wp-block-image size-full\"><img loading=\"lazy\" decoding=\"async\" width=\"1024\" height=\"188\" src=\"https:\/\/web.laotrafm.com\/wp-content\/uploads\/2022\/06\/Banner-392x72_Mesa-de-trabajo-1-1024x188-1.png\" alt=\"\" class=\"wp-image-5270\" srcset=\"https:\/\/web.laotrafm.com\/wp-content\/uploads\/2022\/06\/Banner-392x72_Mesa-de-trabajo-1-1024x188-1.png 1024w, https:\/\/web.laotrafm.com\/wp-content\/uploads\/2022\/06\/Banner-392x72_Mesa-de-trabajo-1-1024x188-1-300x55.png 300w, https:\/\/web.laotrafm.com\/wp-content\/uploads\/2022\/06\/Banner-392x72_Mesa-de-trabajo-1-1024x188-1-768x141.png 768w\" sizes=\"auto, (max-width: 1024px) 100vw, 1024px\" \/><\/figure>\n\n\n\n<p>El Ministerio de Salud P\u00fablica del Ecuador ha confirmado el primer caso de viruela del mono en Ecuador.<\/p>\n\n\n\n<script async src=\"https:\/\/pagead2.googlesyndication.com\/pagead\/js\/adsbygoogle.js?client=ca-pub-4430952989861109\"\n     crossorigin=\"anonymous\"><\/script>\n<!-- LA OTRA 2022 NOTICIAS -->\n<ins class=\"adsbygoogle\"\n     style=\"display:block\"\n     data-ad-client=\"ca-pub-4430952989861109\"\n     data-ad-slot=\"5118845561\"\n     data-ad-format=\"auto\"\n     data-full-width-responsive=\"true\"><\/ins>\n<script>\n     (adsbygoogle = window.adsbygoogle || []).push({});\n<\/script>\n\n\n\n\n<p>Luego de un investigaci\u00f3n epidemiol\u00f3gica, el ministerio confirmo el primer caso en el pa\u00eds. <\/p>\n\n\n\n<p>Se trata de un paciente de 30 a\u00f1os que present\u00f3 fiebre, decaimiento, malestar general y ves\u00edculas (similares a granos). <\/p>\n\n\n\n<p>El paciente se encuentra asilado en Guayas.  <\/p>\n\n\n\n<script async src=\"https:\/\/pagead2.googlesyndication.com\/pagead\/js\/adsbygoogle.js?client=ca-pub-4430952989861109\"\n     crossorigin=\"anonymous\"><\/script>\n<!-- LA OTRA 2022 CODIGOS 2 -->\n<ins class=\"adsbygoogle\"\n     style=\"display:block\"\n     data-ad-client=\"ca-pub-4430952989861109\"\n     data-ad-slot=\"5056687262\"\n     data-ad-format=\"auto\"\n     data-full-width-responsive=\"true\"><\/ins>\n<script>\n     (adsbygoogle = window.adsbygoogle || []).push({});\n<\/script>\n\n","protected":false},"excerpt":{"rendered":"<p>El Ministerio de Salud P\u00fablica del Ecuador ha confirmado el primer caso de viruela del mono en Ecuador. Luego de un investigaci\u00f3n epidemiol\u00f3gica, el ministerio confirmo el primer caso en el pa\u00eds. Se trata de un paciente de 30 a\u00f1os que present\u00f3 fiebre, decaimiento, malestar general y ves\u00edculas (similares a granos). El paciente se encuentra [&hellip;]<\/p>\n","protected":false},"author":8,"featured_media":5394,"comment_status":"open","ping_status":"closed","sticky":false,"template":"","format":"standard","meta":{"footnotes":""},"categories":[6],"tags":[121,99],"class_list":["post-5393","post","type-post","status-publish","format-standard","has-post-thumbnail","hentry","category-actualidad","tag-actualidad","tag-noticias"],"_links":{"self":[{"href":"https:\/\/web.laotrafm.com\/index.php\/wp-json\/wp\/v2\/posts\/5393","targetHints":{"allow":["GET"]}}],"collection":[{"href":"https:\/\/web.laotrafm.com\/index.php\/wp-json\/wp\/v2\/posts"}],"about":[{"href":"https:\/\/web.laotrafm.com\/index.php\/wp-json\/wp\/v2\/types\/post"}],"author":[{"embeddable":true,"href":"https:\/\/web.laotrafm.com\/index.php\/wp-json\/wp\/v2\/users\/8"}],"replies":[{"embeddable":true,"href":"https:\/\/web.laotrafm.com\/index.php\/wp-json\/wp\/v2\/comments?post=5393"}],"version-history":[{"count":1,"href":"https:\/\/web.laotrafm.com\/index.php\/wp-json\/wp\/v2\/posts\/5393\/revisions"}],"predecessor-version":[{"id":5395,"href":"https:\/\/web.laotrafm.com\/index.php\/wp-json\/wp\/v2\/posts\/5393\/revisions\/5395"}],"wp:featuredmedia":[{"embeddable":true,"href":"https:\/\/web.laotrafm.com\/index.php\/wp-json\/wp\/v2\/media\/5394"}],"wp:attachment":[{"href":"https:\/\/web.laotrafm.com\/index.php\/wp-json\/wp\/v2\/media?parent=5393"}],"wp:term":[{"taxonomy":"category","embeddable":true,"href":"https:\/\/web.laotrafm.com\/index.php\/wp-json\/wp\/v2\/categories?post=5393"},{"taxonomy":"post_tag","embeddable":true,"href":"https:\/\/web.laotrafm.com\/index.php\/wp-json\/wp\/v2\/tags?post=5393"}],"curies":[{"name":"wp","href":"https:\/\/api.w.org\/{rel}","templated":true}]}}