{"id":5315,"date":"2022-06-29T10:26:58","date_gmt":"2022-06-29T17:56:58","guid":{"rendered":"https:\/\/web.laotrafm.com\/?p=5315"},"modified":"2022-06-29T10:26:58","modified_gmt":"2022-06-29T17:56:58","slug":"la-poblacion-lbgti-en-numeros-se-publica-nueva-encuesta-del-inegi","status":"publish","type":"post","link":"https:\/\/web.laotrafm.com\/index.php\/2022\/06\/29\/la-poblacion-lbgti-en-numeros-se-publica-nueva-encuesta-del-inegi\/","title":{"rendered":"La poblaci\u00f3n LBGTI+ en n\u00fameros: se publica nueva encuesta del INEGI"},"content":{"rendered":"\n<figure class=\"wp-block-image size-full\"><img loading=\"lazy\" decoding=\"async\" width=\"1024\" height=\"188\" src=\"https:\/\/web.laotrafm.com\/wp-content\/uploads\/2022\/06\/Banner-392x72_Mesa-de-trabajo-1-1024x188-1.png\" alt=\"\" class=\"wp-image-5270\" srcset=\"https:\/\/web.laotrafm.com\/wp-content\/uploads\/2022\/06\/Banner-392x72_Mesa-de-trabajo-1-1024x188-1.png 1024w, https:\/\/web.laotrafm.com\/wp-content\/uploads\/2022\/06\/Banner-392x72_Mesa-de-trabajo-1-1024x188-1-300x55.png 300w, https:\/\/web.laotrafm.com\/wp-content\/uploads\/2022\/06\/Banner-392x72_Mesa-de-trabajo-1-1024x188-1-768x141.png 768w\" sizes=\"auto, (max-width: 1024px) 100vw, 1024px\" \/><\/figure>\n\n\n\n<p>Este 28 de junio el <strong>Instituto Nacional de Estad\u00edstica y Geograf\u00eda<\/strong> (INEGI) <a rel=\"noreferrer noopener\" href=\"https:\/\/www.inegi.org.mx\/contenidos\/saladeprensa\/boletines\/2022\/endiseg\/Resul_Endiseg21.pdf\" target=\"_blank\">public\u00f3<\/a> los resultados de su Encuesta nacional sobre <strong>diversidad sexual<\/strong> y de g\u00e9nero (ENDISEG) 2021. Seg\u00fan sus resultados, en M\u00e9xico, <strong>cinco millones de personas <\/strong>se consideran pertenecientes a la comunidad LGBTI+, lo que representa el 5.1 por ciento de la poblaci\u00f3n de 15 a\u00f1os o m\u00e1s. Esto es una proporci\u00f3n de una persona de cada veinte, quien se identifica como <strong>poblaci\u00f3n<a rel=\"noreferrer noopener\" href=\"https:\/\/notipress.mx\/actualidad\/migrantes-comunidad-lgbt-atraviesan-mayores-riesgos-abusos-10961\" target=\"_blank\">LGBTI+<\/a><\/strong>.<\/p>\n\n\n\n<script async src=\"https:\/\/pagead2.googlesyndication.com\/pagead\/js\/adsbygoogle.js?client=ca-pub-4430952989861109\"\n     crossorigin=\"anonymous\"><\/script>\n<!-- LA OTRA 2022 NOTICIAS -->\n<ins class=\"adsbygoogle\"\n     style=\"display:block\"\n     data-ad-client=\"ca-pub-4430952989861109\"\n     data-ad-slot=\"5118845561\"\n     data-ad-format=\"auto\"\n     data-full-width-responsive=\"true\"><\/ins>\n<script>\n     (adsbygoogle = window.adsbygoogle || []).push({});\n<\/script>\n\n\n\n\n<p>Asimismo, las personas <strong>gay, lesbianas, bisexuales o de otra orientaci\u00f3n sexual <\/strong>LGBTI+ suman un total de 4.6 millones, es decir, un <strong>4.8% de los mexicanos mayores de 15 a\u00f1os<\/strong>. Por otro lado, la poblaci\u00f3n transg\u00e9nero o de otra identidad diferente es de 909 mil, un 0.9% de los individuos de 15 a\u00f1os y m\u00e1s, seg\u00fan el INEGI.<\/p>\n\n\n\n<p>Respecto a la distribuci\u00f3n geogr\u00e1fica de la poblaci\u00f3n LGBTI+, el <strong>Estado de M\u00e9xico es la entidad con una mayor cantidad de integrantes de esta comunidad<\/strong>, con 490 mil de ellos. <strong>Ciudad de M\u00e9xico ocupa el segundo lugar<\/strong>, con 311 mil, <strong>seguida de Veracruz<\/strong>, con 308 mil. En t\u00e9rminos de porcentaje, en <strong>primer lugar se encuentra Colima<\/strong>, con un 8.7% de su poblaci\u00f3n pertenecientes a la comunidad LGBTI+, <strong>seguido de Yucat\u00e1n y Quer\u00e9taro<\/strong>, con 8.3% y 8.2% respectivamente.<\/p>\n\n\n\n<p>En materia de estado civil, la encuesta<strong> contabiliz\u00f3 como soltera a un 64.9% de la poblaci\u00f3n LGBTI+ y a un 30.6% como unida o casada<\/strong>. Finalmente, la ENDISEG contabiliza, en el rango de entre 15 y 29 a\u00f1os de edad, a un<strong> 67.5% de la poblaci\u00f3n LGBTI+<\/strong>. Por otro lado, a otro 20.3% de personas de la diversidad sexual y de g\u00e9nero los ubica en el rango de 30 a 44 a\u00f1os.<\/p>\n\n\n\n<p>INEGI destaca los avances que, desde la d\u00e9cada de los noventa, se han realizado en materia de inclusi\u00f3n y trato igualitario de las personas de la diversidad sexual y de g\u00e9nero. En este sentido, el <strong>contabilizar a la poblaci\u00f3n LGBTI+ e indagar sobre sus caracter\u00edsticas de forma probabil\u00edstica responde a un requerimiento de visibilizaci\u00f3n<\/strong> proveniente de esta comunidad, se\u00f1alan.<\/p>\n\n\n\n<p>Adicionalmente al derecho a la visibilizaci\u00f3n, la poblaci\u00f3n LGBTI+<strong> lucha por un acceso pleno a la salud, a condiciones dignas de trabajo y el derecho a la no discriminaci\u00f3n<\/strong>, entre otras demandas. Sobre esto \u00faltimo, un <a href=\"https:\/\/www.dgcs.unam.mx\/boletin\/bdboletin\/2021_534.html\" target=\"_blank\" rel=\"noreferrer noopener\">bolet\u00edn<\/a> de la <strong>Direcci\u00f3n General de Comunicaci\u00f3n Social de la Universidad Nacional Aut\u00f3noma de M\u00e9xico<\/strong>, recupera cifras de la <strong><a href=\"https:\/\/www.gob.mx\/indesol\/documentos\/resumen-ejecutivo-de-la-encuesta-sobre-discriminacion-por-motivos-de-orientacion-sexual-e-identidad-de-genero-2018#:~:text=otras%20orientaciones%20sexuales.-,La%20Encuesta%20sobre%20Discriminaci%C3%B3n%20por%20motivos%20de%20Orientaci%C3%B3n%20Sexual%20e,de%20discriminaci%C3%B3n%20estructural%20y%20de\" target=\"_blank\" rel=\"noreferrer noopener\">Encuesta Nacional<\/a> sobre Discriminaci\u00f3n por Motivos de Identidad de G\u00e9nero 2018<\/strong>.<\/p>\n\n\n\n<p>Dicha encuesta se\u00f1ala que un <strong>75% de personas trans se sintieron discriminadas<\/strong>, as\u00ed como seis de cada 10 sujetos bisexuales. Similarmente, entre personas con identidad de g\u00e9nero no normativa o no binaria, esta discriminaci\u00f3n aumenta hasta 80%.<\/p>\n\n\n\n<p>Seg\u00fan un <a href=\"https:\/\/copred.cdmx.gob.mx\/comunicacion\/nota\/copred-llama-eliminar-la-violencia-y-los-prejuicios-hacia-la-poblacion-lgbttti\" target=\"_blank\" rel=\"noreferrer noopener\">comunicado<\/a> de 2022, el <strong>Consejo para Prevenir y Eliminar la Discriminaci\u00f3n<\/strong> (COPRED) ha abierto <strong>86 expedientes por discriminaci\u00f3n <\/strong>relacionados con la diversidad sexual y de g\u00e9nero en la Ciudad de M\u00e9xico desde 2019. Adem\u00e1s, cita la Encuesta de Discriminaci\u00f3n de la Ciudad de M\u00e9xico de 2021 y se\u00f1ala que las <strong>preferencias sexuales son el tercer mayor motivo de discriminaci\u00f3n en la capital mexicana<\/strong> (10.6%).<\/p>\n\n\n\n<p>Tambi\u00e9n asegura el INEGI que el <strong>81.8% de individuos encuestadas considera existente la discriminaci\u00f3n hacia las personas gays<\/strong>. Otro <strong>70%<\/strong> considera igualmente existente la discriminaci\u00f3n contra la comunidad transg\u00e9nero y transexual y un <strong>55.9%<\/strong> lo considera as\u00ed para las personas intersexuales. Aunado a esto, un <strong>9.5% <\/strong>de los individuos encuestadas conoce a alg\u00fan familiar o amistad quien se ha sentido discriminada por su preferencia sexual.<\/p>\n\n\n\n<p>Aunque M\u00e9xico avanza en materia de inclusi\u00f3n y trato igualitario de la diversidad sexual y de g\u00e9nero, los <strong>defensores de derechos de la poblaci\u00f3n <a rel=\"noreferrer noopener\" href=\"https:\/\/notipress.mx\/negocios\/comunidad-lgbt-tienen-dificultades-en-el-entorno-laboral-segun-expertos-11306\" target=\"_blank\">LGBTI+<\/a> consideran a\u00fan queda trabajo por hacer<\/strong>. Como reflejan las encuestas presentadas, esta comunidad a\u00fan <strong>presenta niveles importantes de discriminaci\u00f3n <\/strong>en diversos \u00e1mbitos, incluso en el caso de la capital del pa\u00eds.<\/p>\n\n\n\n<script async src=\"https:\/\/pagead2.googlesyndication.com\/pagead\/js\/adsbygoogle.js?client=ca-pub-4430952989861109\"\n     crossorigin=\"anonymous\"><\/script>\n<!-- LA OTRA 2022 CODIGOS 2 -->\n<ins class=\"adsbygoogle\"\n     style=\"display:block\"\n     data-ad-client=\"ca-pub-4430952989861109\"\n     data-ad-slot=\"5056687262\"\n     data-ad-format=\"auto\"\n     data-full-width-responsive=\"true\"><\/ins>\n<script>\n     (adsbygoogle = window.adsbygoogle || []).push({});\n<\/script>\n\n","protected":false},"excerpt":{"rendered":"<p>Este 28 de junio el Instituto Nacional de Estad\u00edstica y Geograf\u00eda (INEGI) public\u00f3 los resultados de su Encuesta nacional sobre diversidad sexual y de g\u00e9nero (ENDISEG) 2021. Seg\u00fan sus resultados, en M\u00e9xico, cinco millones de personas se consideran pertenecientes a la comunidad LGBTI+, lo que representa el 5.1 por ciento de la poblaci\u00f3n de 15 [&hellip;]<\/p>\n","protected":false},"author":8,"featured_media":5318,"comment_status":"open","ping_status":"closed","sticky":false,"template":"","format":"standard","meta":{"footnotes":""},"categories":[6,7],"tags":[121,95,99],"class_list":["post-5315","post","type-post","status-publish","format-standard","has-post-thumbnail","hentry","category-actualidad","category-internacional","tag-actualidad","tag-internacional","tag-noticias"],"_links":{"self":[{"href":"https:\/\/web.laotrafm.com\/index.php\/wp-json\/wp\/v2\/posts\/5315","targetHints":{"allow":["GET"]}}],"collection":[{"href":"https:\/\/web.laotrafm.com\/index.php\/wp-json\/wp\/v2\/posts"}],"about":[{"href":"https:\/\/web.laotrafm.com\/index.php\/wp-json\/wp\/v2\/types\/post"}],"author":[{"embeddable":true,"href":"https:\/\/web.laotrafm.com\/index.php\/wp-json\/wp\/v2\/users\/8"}],"replies":[{"embeddable":true,"href":"https:\/\/web.laotrafm.com\/index.php\/wp-json\/wp\/v2\/comments?post=5315"}],"version-history":[{"count":1,"href":"https:\/\/web.laotrafm.com\/index.php\/wp-json\/wp\/v2\/posts\/5315\/revisions"}],"predecessor-version":[{"id":5322,"href":"https:\/\/web.laotrafm.com\/index.php\/wp-json\/wp\/v2\/posts\/5315\/revisions\/5322"}],"wp:featuredmedia":[{"embeddable":true,"href":"https:\/\/web.laotrafm.com\/index.php\/wp-json\/wp\/v2\/media\/5318"}],"wp:attachment":[{"href":"https:\/\/web.laotrafm.com\/index.php\/wp-json\/wp\/v2\/media?parent=5315"}],"wp:term":[{"taxonomy":"category","embeddable":true,"href":"https:\/\/web.laotrafm.com\/index.php\/wp-json\/wp\/v2\/categories?post=5315"},{"taxonomy":"post_tag","embeddable":true,"href":"https:\/\/web.laotrafm.com\/index.php\/wp-json\/wp\/v2\/tags?post=5315"}],"curies":[{"name":"wp","href":"https:\/\/api.w.org\/{rel}","templated":true}]}}