{"id":4953,"date":"2022-05-13T06:52:51","date_gmt":"2022-05-13T14:22:51","guid":{"rendered":"https:\/\/web.laotrafm.com\/?p=4953"},"modified":"2022-05-13T06:52:52","modified_gmt":"2022-05-13T14:22:52","slug":"congreso-internacional-motiva-la-reflexion-y-propuestas-sobre-migracion","status":"publish","type":"post","link":"https:\/\/web.laotrafm.com\/index.php\/2022\/05\/13\/congreso-internacional-motiva-la-reflexion-y-propuestas-sobre-migracion\/","title":{"rendered":"Congreso Internacional motiva la reflexi\u00f3n y propuestas sobre migraci\u00f3n"},"content":{"rendered":"\n<p>La migraci\u00f3n es una problem\u00e1tica que afecta a nivel global, la pandemia del covid-19 ha puesto de relieve las interconexiones entre la migraci\u00f3n y la movilidad, convirti\u00e9ndolo en un tema complejo que requiere atenci\u00f3n. Para aportar a su estudio, la <strong>Universidad T\u00e9cnica Particular de Loja (UTPL) organiza por segunda ocasi\u00f3n el Congreso Internacional Crisis y Migraci\u00f3n con la tem\u00e1tica \u201cSer Migrante: Nuevas tendencias, pol\u00edticas y futuros\u201d.<\/strong><\/p>\n\n\n\n<script async src=\"https:\/\/pagead2.googlesyndication.com\/pagead\/js\/adsbygoogle.js?client=ca-pub-4430952989861109\"\n     crossorigin=\"anonymous\"><\/script>\n<!-- LA OTRA 2022 NOTICIAS -->\n<ins class=\"adsbygoogle\"\n     style=\"display:block\"\n     data-ad-client=\"ca-pub-4430952989861109\"\n     data-ad-slot=\"5118845561\"\n     data-ad-format=\"auto\"\n     data-full-width-responsive=\"true\"><\/ins>\n<script>\n     (adsbygoogle = window.adsbygoogle || []).push({});\n<\/script>\n\n\n\n\n<p>Este evento es <strong>financiado por el Fondo Italo Ecuatoriano para el Desarrollo Sostenible (FIEDS) y se desarrollar\u00e1 en formato virtual el 7 y 8 de julio de 2022<\/strong>, con <strong>acceso gratuito y dirigido a acad\u00e9micos, profesionales, estudiantes, investigadores y colectivos sociale<\/strong>s. La finalidad es <strong>generar un espacio de discusi\u00f3n <\/strong>sobre la migraci\u00f3n, examinando su evoluci\u00f3n, causas, y efectos en las econom\u00edas, sociedades, leyes regulatorias, etc.<\/p>\n\n\n\n<p>Los <strong>investigadores, a nivel nacional, pueden presentar los res\u00famenes de estudios acad\u00e9micos, sobre crisis y migraci\u00f3n hasta el 24 de mayo de 2022<\/strong>, los trabajos deben enviarse al correo <a href=\"mailto:crisisymigracion@utpl.edu.ec\">crisisymigracion@utpl.edu.ec<\/a>. Los <strong>interesados en ser parte de asistir al congreso y recibir certificado deben inscribirse hasta el 20 de junio de 2022<\/strong>.<\/p>\n\n\n\n<p><strong>\u00c1reas de estudio y ponentes<\/strong><\/p>\n\n\n\n<p>Seg\u00fan la Organizaci\u00f3n de Naciones Unidas (ONU) en 2020 se registr\u00f3 281 millones de migrantes internacionales en el mundo, lo que equivale al 3,6 por ciento de la poblaci\u00f3n mundial, una problem\u00e1tica que se acentu\u00f3 durante la pandemia. Esta situaci\u00f3n ha provocado que millones de migrantes no puedan viajar durante meses y que se hayan quedado varados y necesiten asistencia humanitaria.<\/p>\n\n\n\n<p>Por ello, el II Congreso Internacional Crisis y Migraci\u00f3n aborda cinco l\u00edneas tem\u00e1ticas: derechos humanos, protecci\u00f3n y asilo; nuevas tendencias migratorias: cultura, g\u00e9nero y h\u00e1bitat; gobernanza, desarrollo local y pol\u00edticas p\u00fablicas para la migraci\u00f3n; estudios cuantitativos: evaluaci\u00f3n, medici\u00f3n e impacto de la migraci\u00f3n; y la narrativa de la migraci\u00f3n: medios de comunicaci\u00f3n y redes sociales.<\/p>\n\n\n\n<p>Estas \u00e1reas tem\u00e1ticas ser\u00e1n abordadas por expertos nacionales e internacionales como&nbsp; Susan Gzesh, Profesora de la Universidad de Chicago, EEUU; Carmen Alfaro Contreras, Docente y Coordinadora de Investigaci\u00f3n en el Centro de Innovaci\u00f3n Tecnol\u00f3gica para el Aprendizaje de la Universidad Bernardo O\u2019Higgins de Chile; Jorge Durand, Profesor &#8211; Investigador de la Universidad de Guadalajara, M\u00e9xico;&nbsp; Jacques Ram\u00edrez Gallegos, Docente-Investigador de la Universidad de Cuenca, Ecuador; Carlos Alberto Gonz\u00e1lez Zepeda, Coordinador del Grupo de Investigaci\u00f3n del Seminario de Estudios Multidisciplinarios sobre Migraciones Internacionales (SEMMI) de M\u00e9xico; Riccardo Turati , Profesor de la&nbsp; Universidad Aut\u00f3noma de Barcelona, Espa\u00f1a; Dr. Denis Porto Ren\u00f3, Periodista, fot\u00f3grafo y documentalista de la Universidad Estadual Paulista \u2013 UNESP, Brasil; y&nbsp; Luz Mely Reyes, Periodista venezolana, escritora, conferencista y tallerista internacional, cofundadora y directora general de Efecto Cocuyo (medio digital de migraci\u00f3n).<\/p>\n\n\n\n<p>Este encuentro acad\u00e9mico internacional permitir\u00e1\u00a0 profundizar un debate sobre la realidad, cifras y repercusiones que genera la migraci\u00f3n en el mundo y sobre todo en Latinoam\u00e9rica; informaci\u00f3n que permitir\u00e1 establecer proyectos y pol\u00edticas p\u00fablicas a favor de la movilidad humana, porque migrar es un derecho.\u00a0<\/p>\n\n\n\n<script async src=\"https:\/\/pagead2.googlesyndication.com\/pagead\/js\/adsbygoogle.js?client=ca-pub-4430952989861109\"\n     crossorigin=\"anonymous\"><\/script>\n<!-- LA OTRA 2022 CODIGOS 2 -->\n<ins class=\"adsbygoogle\"\n     style=\"display:block\"\n     data-ad-client=\"ca-pub-4430952989861109\"\n     data-ad-slot=\"5056687262\"\n     data-ad-format=\"auto\"\n     data-full-width-responsive=\"true\"><\/ins>\n<script>\n     (adsbygoogle = window.adsbygoogle || []).push({});\n<\/script>\n\n","protected":false},"excerpt":{"rendered":"<p>La migraci\u00f3n es una problem\u00e1tica que afecta a nivel global, la pandemia del covid-19 ha puesto de relieve las interconexiones entre la migraci\u00f3n y la movilidad, convirti\u00e9ndolo en un tema complejo que requiere atenci\u00f3n. Para aportar a su estudio, la Universidad T\u00e9cnica Particular de Loja (UTPL) organiza por segunda ocasi\u00f3n el Congreso Internacional Crisis y [&hellip;]<\/p>\n","protected":false},"author":8,"featured_media":4954,"comment_status":"open","ping_status":"closed","sticky":false,"template":"","format":"standard","meta":{"footnotes":""},"categories":[6],"tags":[121,9,99],"class_list":["post-4953","post","type-post","status-publish","format-standard","has-post-thumbnail","hentry","category-actualidad","tag-actualidad","tag-ecuador","tag-noticias"],"_links":{"self":[{"href":"https:\/\/web.laotrafm.com\/index.php\/wp-json\/wp\/v2\/posts\/4953","targetHints":{"allow":["GET"]}}],"collection":[{"href":"https:\/\/web.laotrafm.com\/index.php\/wp-json\/wp\/v2\/posts"}],"about":[{"href":"https:\/\/web.laotrafm.com\/index.php\/wp-json\/wp\/v2\/types\/post"}],"author":[{"embeddable":true,"href":"https:\/\/web.laotrafm.com\/index.php\/wp-json\/wp\/v2\/users\/8"}],"replies":[{"embeddable":true,"href":"https:\/\/web.laotrafm.com\/index.php\/wp-json\/wp\/v2\/comments?post=4953"}],"version-history":[{"count":1,"href":"https:\/\/web.laotrafm.com\/index.php\/wp-json\/wp\/v2\/posts\/4953\/revisions"}],"predecessor-version":[{"id":4955,"href":"https:\/\/web.laotrafm.com\/index.php\/wp-json\/wp\/v2\/posts\/4953\/revisions\/4955"}],"wp:featuredmedia":[{"embeddable":true,"href":"https:\/\/web.laotrafm.com\/index.php\/wp-json\/wp\/v2\/media\/4954"}],"wp:attachment":[{"href":"https:\/\/web.laotrafm.com\/index.php\/wp-json\/wp\/v2\/media?parent=4953"}],"wp:term":[{"taxonomy":"category","embeddable":true,"href":"https:\/\/web.laotrafm.com\/index.php\/wp-json\/wp\/v2\/categories?post=4953"},{"taxonomy":"post_tag","embeddable":true,"href":"https:\/\/web.laotrafm.com\/index.php\/wp-json\/wp\/v2\/tags?post=4953"}],"curies":[{"name":"wp","href":"https:\/\/api.w.org\/{rel}","templated":true}]}}