{"id":494,"date":"2020-10-12T06:03:06","date_gmt":"2020-10-12T13:33:06","guid":{"rendered":"https:\/\/web.laotrafm.com\/?p=494"},"modified":"2020-10-12T06:03:08","modified_gmt":"2020-10-12T13:33:08","slug":"instagram-ocultara-comentarios-que-podrian-considerarse-ofensivos","status":"publish","type":"post","link":"https:\/\/web.laotrafm.com\/index.php\/2020\/10\/12\/instagram-ocultara-comentarios-que-podrian-considerarse-ofensivos\/","title":{"rendered":"Instagram ocultar\u00e1 comentarios que podr\u00edan considerarse ofensivos"},"content":{"rendered":"\n<p>En el marco de su intento de disminuir el acoso en l\u00ednea, la red social Instagram anunci\u00f3 que empezar\u00e1 a ocultar autom\u00e1ticamente los comentarios que pueden ser considerados como ofensivos. <\/p>\n\n\n\n<p>La inteligencia artificial ser\u00e1 una herramienta clave para detectar lenguaje de acoso o mensajes de odio. Seg\u00fan informa la cadena CNN, la red social asegur\u00f3 que los comentarios que ser\u00e1n ocultados ser\u00e1n similares a los que han sido reportados en el pasado por usuarios. Las personas a\u00fan tendr\u00e1n la opci\u00f3n de ver los comentarios ocultos si as\u00ed lo desean. Adem\u00e1s, Instagram anunci\u00f3 que a\u00f1adir\u00eda una advertencia dirigida a las personas que hayan publicado en varias ocasiones comentarios que pueden ser considerados ofensivos. <\/p>\n\n\n\n<p>La notificaci\u00f3n, dice CNN, &#8220;les pide que reconsideren sus comentarios; de lo contrario podr\u00edan correr el riesgo de sufrir consecuencias como que se oculte su comentario o incluso que se elimine su cuenta&#8221;. Desde el 2018, cuando el empresario Adam Mosseri tom\u00f3 el mando de Instagram, la red social ha aumentado sus esfuerzos por combatir el ciberacoso. <\/p>\n\n\n\n<p>En el 2019 lanz\u00f3 la herramienta &#8216;Restringir&#8217; que permite que los comentarios de ciertos usuarios sean visibles solamente para ellos y no para otras personas. <\/p>\n\n\n\n<p>Adem\u00e1s agreg\u00f3 una funci\u00f3n que permite a la personas saber cu\u00e1ndo su comentario puede ser ofensivo. Seg\u00fan Instagram, estas advertencias han representado una &#8220;mejora significativa&#8221; en los comportamientos de las personas &#8220;que editan o no publican el comentario, aunque no dio m\u00e1s detalles&#8221;, dijo CNN.<\/p>\n\n\n\n<p><\/p>\n","protected":false},"excerpt":{"rendered":"<p>En el marco de su intento de disminuir el acoso en l\u00ednea, la red social Instagram anunci\u00f3 que empezar\u00e1 a ocultar autom\u00e1ticamente los comentarios que pueden ser considerados como ofensivos. La inteligencia artificial ser\u00e1 una herramienta clave para detectar lenguaje de acoso o mensajes de odio. Seg\u00fan informa la cadena CNN, la red social asegur\u00f3 [&hellip;]<\/p>\n","protected":false},"author":1,"featured_media":495,"comment_status":"open","ping_status":"closed","sticky":false,"template":"","format":"standard","meta":{"footnotes":""},"categories":[6],"tags":[],"class_list":["post-494","post","type-post","status-publish","format-standard","has-post-thumbnail","hentry","category-actualidad"],"_links":{"self":[{"href":"https:\/\/web.laotrafm.com\/index.php\/wp-json\/wp\/v2\/posts\/494","targetHints":{"allow":["GET"]}}],"collection":[{"href":"https:\/\/web.laotrafm.com\/index.php\/wp-json\/wp\/v2\/posts"}],"about":[{"href":"https:\/\/web.laotrafm.com\/index.php\/wp-json\/wp\/v2\/types\/post"}],"author":[{"embeddable":true,"href":"https:\/\/web.laotrafm.com\/index.php\/wp-json\/wp\/v2\/users\/1"}],"replies":[{"embeddable":true,"href":"https:\/\/web.laotrafm.com\/index.php\/wp-json\/wp\/v2\/comments?post=494"}],"version-history":[{"count":0,"href":"https:\/\/web.laotrafm.com\/index.php\/wp-json\/wp\/v2\/posts\/494\/revisions"}],"wp:featuredmedia":[{"embeddable":true,"href":"https:\/\/web.laotrafm.com\/index.php\/wp-json\/wp\/v2\/media\/495"}],"wp:attachment":[{"href":"https:\/\/web.laotrafm.com\/index.php\/wp-json\/wp\/v2\/media?parent=494"}],"wp:term":[{"taxonomy":"category","embeddable":true,"href":"https:\/\/web.laotrafm.com\/index.php\/wp-json\/wp\/v2\/categories?post=494"},{"taxonomy":"post_tag","embeddable":true,"href":"https:\/\/web.laotrafm.com\/index.php\/wp-json\/wp\/v2\/tags?post=494"}],"curies":[{"name":"wp","href":"https:\/\/api.w.org\/{rel}","templated":true}]}}