{"id":425,"date":"2020-10-05T21:47:03","date_gmt":"2020-10-05T21:47:03","guid":{"rendered":"https:\/\/web.laotrafm.com\/?p=425"},"modified":"2020-10-05T21:47:04","modified_gmt":"2020-10-05T21:47:04","slug":"juan-carlos-ullauri-mi-regalo-para-marian-es-en-cifras","status":"publish","type":"post","link":"https:\/\/web.laotrafm.com\/index.php\/2020\/10\/05\/juan-carlos-ullauri-mi-regalo-para-marian-es-en-cifras\/","title":{"rendered":"Juan Carlos Ullauri: &#8220;Mi regalo para Mari\u00e1n es en cifras&#8221;"},"content":{"rendered":"\n<p>Cumpli\u00f3 54 a\u00f1os y lo celebr\u00f3 a lo grande. Mari\u00e1n Sabat\u00e9, conocida como &#8220;la reina de la prensa rosa festej\u00f3 su onom\u00e1stico a lo grande en compa\u00f1\u00eda de sus amigos y de sus hijos y junto a Juan Carlos Ullauri, con quien est\u00e1 volviendo a salir.<\/p>\n\n\n\n<p>&#8220;La pasamos incre\u00edble. Mari\u00e1n es una mujer maravillosa y todo con ella tiene un toque diferente. La celebraci\u00f3n fue intensa y todo sanamente&#8221;, enfatiz\u00f3 Ullauri, empresario, hacendado y piloto de su flota de avionetas.<\/p>\n\n\n\n<p>Cuando se le pregunt\u00f3 qu\u00e9 le regal\u00f3 a la presentadora, el hombre hace una pausa y aclara: &#8220;ella merece lo mejor del mundo. Mi regalo es en cifras, juego con los n\u00fameros siempre&#8221;. \u00bfDe cu\u00e1nto hablamos? Ullauri no respondi\u00f3, solo sonri\u00f3 y dej\u00f3 con la intriga.<\/p>\n\n\n\n<p>La celebraci\u00f3n dur\u00f3 hasta la madrugada y hubo m\u00fasica en vivo y un buf\u00e9 diverso.<\/p>\n\n\n\n<p>A\u00fan amigos y en coqueteos<\/p>\n\n\n\n<p>Mari\u00e1n y Juan Carlos vivieron un romance intenso a inicios del 2020, y fue el d\u00eda de San Valent\u00edn, 14 de febrero, cuando oficializaron su relaci\u00f3n. Sin embargo, en junio, tras la cuarentena por la pandemia, la relaci\u00f3n qued\u00f3 en amistad, y hoy vuelven a intentar retomar su amor.<\/p>\n\n\n\n<p>&#8220;Estamos en coqueteos, Juan Carlos es un hombre maravilloso y un excelente partido&#8221;<\/p>\n\n\n\n<p>&#8220;Ayer fue un d\u00eda especial, tan especial como lo es Mari\u00e1n&#8221;, insisti\u00f3 Ullauri.<\/p>\n","protected":false},"excerpt":{"rendered":"<p>Cumpli\u00f3 54 a\u00f1os y lo celebr\u00f3 a lo grande. Mari\u00e1n Sabat\u00e9, conocida como &#8220;la reina de la prensa rosa festej\u00f3 su onom\u00e1stico a lo grande en compa\u00f1\u00eda de sus amigos y de sus hijos y junto a Juan Carlos Ullauri, con quien est\u00e1 volviendo a salir. &#8220;La pasamos incre\u00edble. Mari\u00e1n es una mujer maravillosa y [&hellip;]<\/p>\n","protected":false},"author":1,"featured_media":426,"comment_status":"open","ping_status":"closed","sticky":false,"template":"","format":"standard","meta":{"footnotes":""},"categories":[1],"tags":[],"class_list":["post-425","post","type-post","status-publish","format-standard","has-post-thumbnail","hentry","category-farandula-nacional"],"_links":{"self":[{"href":"https:\/\/web.laotrafm.com\/index.php\/wp-json\/wp\/v2\/posts\/425","targetHints":{"allow":["GET"]}}],"collection":[{"href":"https:\/\/web.laotrafm.com\/index.php\/wp-json\/wp\/v2\/posts"}],"about":[{"href":"https:\/\/web.laotrafm.com\/index.php\/wp-json\/wp\/v2\/types\/post"}],"author":[{"embeddable":true,"href":"https:\/\/web.laotrafm.com\/index.php\/wp-json\/wp\/v2\/users\/1"}],"replies":[{"embeddable":true,"href":"https:\/\/web.laotrafm.com\/index.php\/wp-json\/wp\/v2\/comments?post=425"}],"version-history":[{"count":0,"href":"https:\/\/web.laotrafm.com\/index.php\/wp-json\/wp\/v2\/posts\/425\/revisions"}],"wp:featuredmedia":[{"embeddable":true,"href":"https:\/\/web.laotrafm.com\/index.php\/wp-json\/wp\/v2\/media\/426"}],"wp:attachment":[{"href":"https:\/\/web.laotrafm.com\/index.php\/wp-json\/wp\/v2\/media?parent=425"}],"wp:term":[{"taxonomy":"category","embeddable":true,"href":"https:\/\/web.laotrafm.com\/index.php\/wp-json\/wp\/v2\/categories?post=425"},{"taxonomy":"post_tag","embeddable":true,"href":"https:\/\/web.laotrafm.com\/index.php\/wp-json\/wp\/v2\/tags?post=425"}],"curies":[{"name":"wp","href":"https:\/\/api.w.org\/{rel}","templated":true}]}}