{"id":328,"date":"2020-09-09T16:07:30","date_gmt":"2020-09-09T16:07:30","guid":{"rendered":"http:\/\/web.laotrafm.com\/?p=328"},"modified":"2020-09-09T16:07:31","modified_gmt":"2020-09-09T16:07:31","slug":"el-hijo-de-sofia-caiche-salio-de-cuidados-intensivos","status":"publish","type":"post","link":"https:\/\/web.laotrafm.com\/index.php\/2020\/09\/09\/el-hijo-de-sofia-caiche-salio-de-cuidados-intensivos\/","title":{"rendered":"\u00a1El hijo de Sof\u00eda Caiche sali\u00f3 de cuidados intensivos!"},"content":{"rendered":"\n<p>La actriz Sof\u00eda Caiche dio a conocer, hace pocas horas, que su beb\u00e9 (Savash) sali\u00f3 de la Unidad de Cuidados Intensivos (UCI), luego de permanecer en la maternidad por 17 d\u00edas, tras haber nacido prematuramente.<\/p>\n\n\n\n<p>Sof\u00eda agradeci\u00f3 a sus seguidores de Instagram, quienes han preguntado por la recuperaci\u00f3n de su hijo, &#8220;gracias a todos por sus oraciones, por preocuparse, por estar pendiente de la salud de mi pr\u00edncipe. La oraci\u00f3n tiene poder, la Fe es mi fortaleza y la paciencia es un reto para mi. Vamos poco a poco saliendo de esta etapa. Espero pronto regresar a casa y estar todos juntos en familia&#8221;.<\/p>\n\n\n\n<p><\/p>\n\n\n\n<p>Asi mismo confirm\u00f3 que la evoluci\u00f3n del ni\u00f1o y el proceso por el que deber\u00e1 pasar, &#8220;ahora lo pasaron a otra sala donde tengo que estar internada junto a \u00e9l para realizar el &#8216;Plan canguro&#8217; (es la atenci\u00f3n a ni\u00f1os prematuros o de bajo peso al nacer manteni\u00e9ndolos en un contacto piel con piel con su madre por 24 horas y con constante monitoreo). Ahora est\u00e1 respirando solito y sin ayuda&#8221;.<\/p>\n\n\n\n<figure class=\"wp-block-embed-instagram wp-block-embed is-type-rich is-provider-instagram\"><div class=\"wp-block-embed__wrapper\">\nhttps:\/\/www.instagram.com\/p\/CE5n_3tjBBD\/?utm_source=ig_embed\n<\/div><\/figure>\n","protected":false},"excerpt":{"rendered":"<p>La actriz Sof\u00eda Caiche dio a conocer, hace pocas horas, que su beb\u00e9 (Savash) sali\u00f3 de la Unidad de Cuidados Intensivos (UCI), luego de permanecer en la maternidad por 17 d\u00edas, tras haber nacido prematuramente. Sof\u00eda agradeci\u00f3 a sus seguidores de Instagram, quienes han preguntado por la recuperaci\u00f3n de su hijo, &#8220;gracias a todos por [&hellip;]<\/p>\n","protected":false},"author":1,"featured_media":329,"comment_status":"open","ping_status":"closed","sticky":false,"template":"","format":"standard","meta":{"footnotes":""},"categories":[1],"tags":[],"class_list":["post-328","post","type-post","status-publish","format-standard","has-post-thumbnail","hentry","category-farandula-nacional"],"_links":{"self":[{"href":"https:\/\/web.laotrafm.com\/index.php\/wp-json\/wp\/v2\/posts\/328","targetHints":{"allow":["GET"]}}],"collection":[{"href":"https:\/\/web.laotrafm.com\/index.php\/wp-json\/wp\/v2\/posts"}],"about":[{"href":"https:\/\/web.laotrafm.com\/index.php\/wp-json\/wp\/v2\/types\/post"}],"author":[{"embeddable":true,"href":"https:\/\/web.laotrafm.com\/index.php\/wp-json\/wp\/v2\/users\/1"}],"replies":[{"embeddable":true,"href":"https:\/\/web.laotrafm.com\/index.php\/wp-json\/wp\/v2\/comments?post=328"}],"version-history":[{"count":0,"href":"https:\/\/web.laotrafm.com\/index.php\/wp-json\/wp\/v2\/posts\/328\/revisions"}],"wp:featuredmedia":[{"embeddable":true,"href":"https:\/\/web.laotrafm.com\/index.php\/wp-json\/wp\/v2\/media\/329"}],"wp:attachment":[{"href":"https:\/\/web.laotrafm.com\/index.php\/wp-json\/wp\/v2\/media?parent=328"}],"wp:term":[{"taxonomy":"category","embeddable":true,"href":"https:\/\/web.laotrafm.com\/index.php\/wp-json\/wp\/v2\/categories?post=328"},{"taxonomy":"post_tag","embeddable":true,"href":"https:\/\/web.laotrafm.com\/index.php\/wp-json\/wp\/v2\/tags?post=328"}],"curies":[{"name":"wp","href":"https:\/\/api.w.org\/{rel}","templated":true}]}}