{"id":30,"date":"2020-09-08T03:34:48","date_gmt":"2020-09-08T03:34:48","guid":{"rendered":"http:\/\/web.laotrafm.com\/?p=30"},"modified":"2020-09-08T13:49:16","modified_gmt":"2020-09-08T13:49:16","slug":"farandula","status":"publish","type":"post","link":"https:\/\/web.laotrafm.com\/index.php\/2020\/09\/08\/farandula\/","title":{"rendered":"Alejandra Jaramillo contenta por su protag\u00f3nico en S\u00ed Se Puede"},"content":{"rendered":"\n<p>Alejandra Jaramillo, la joven ecuatoriana y estrella de la pantalla de Ecuavisa, tendr\u00e1 un papel protag\u00f3nico en la novela S\u00ed Se Puede, por lo que revel\u00f3 sentirse alegre.<\/p>\n\n\n\n<p>\u201cLa Caramelo\u201c, como se conoce a Alejandra, dar\u00e1 vida a Camila Do Santos en esta producci\u00f3n nacional que se grab\u00f3 desde septiembre de 2019 hasta marzo del 2020 (5 d\u00edas antes de la cuarentena).<\/p>\n\n\n\n<p>Alejandra manifest\u00f3 que es un honor para ella ser parte de la producci\u00f3n en la que se contar\u00e1 la historia de la primera clasificaci\u00f3n de una selecci\u00f3n ecuatoriana al mundial de futbol Corea &#8211; Jap\u00f3n 2002, como adem\u00e1s parte de la vida de Jaime Iv\u00e1n Kaviedes, quien anot\u00f3 el gol que llev\u00f3 a la Tri a su primera cita mundialista.<\/p>\n\n\n\n<p>\u201cLa Caramelo\u201c agreg\u00f3 sentirse feliz por su primer protag\u00f3nico en una novela. \u201cLo tomo con mucha responsabilidad, con mucho cari\u00f1o del p\u00fablico que son quienes me han tra\u00eddo hasta aqu\u00ed\u201c, dijo.<\/p>\n\n\n\n<p><\/p>\n","protected":false},"excerpt":{"rendered":"<p>Alejandra Jaramillo, la joven ecuatoriana y estrella de la pantalla de Ecuavisa, tendr\u00e1 un papel protag\u00f3nico en la novela S\u00ed Se Puede, por lo que revel\u00f3 sentirse alegre. \u201cLa Caramelo\u201c, como se conoce a Alejandra, dar\u00e1 vida a Camila Do Santos en esta producci\u00f3n nacional que se grab\u00f3 desde septiembre de 2019 hasta marzo del [&hellip;]<\/p>\n","protected":false},"author":1,"featured_media":117,"comment_status":"open","ping_status":"closed","sticky":false,"template":"","format":"standard","meta":{"footnotes":""},"categories":[1],"tags":[],"class_list":["post-30","post","type-post","status-publish","format-standard","has-post-thumbnail","hentry","category-farandula-nacional"],"_links":{"self":[{"href":"https:\/\/web.laotrafm.com\/index.php\/wp-json\/wp\/v2\/posts\/30","targetHints":{"allow":["GET"]}}],"collection":[{"href":"https:\/\/web.laotrafm.com\/index.php\/wp-json\/wp\/v2\/posts"}],"about":[{"href":"https:\/\/web.laotrafm.com\/index.php\/wp-json\/wp\/v2\/types\/post"}],"author":[{"embeddable":true,"href":"https:\/\/web.laotrafm.com\/index.php\/wp-json\/wp\/v2\/users\/1"}],"replies":[{"embeddable":true,"href":"https:\/\/web.laotrafm.com\/index.php\/wp-json\/wp\/v2\/comments?post=30"}],"version-history":[{"count":0,"href":"https:\/\/web.laotrafm.com\/index.php\/wp-json\/wp\/v2\/posts\/30\/revisions"}],"wp:featuredmedia":[{"embeddable":true,"href":"https:\/\/web.laotrafm.com\/index.php\/wp-json\/wp\/v2\/media\/117"}],"wp:attachment":[{"href":"https:\/\/web.laotrafm.com\/index.php\/wp-json\/wp\/v2\/media?parent=30"}],"wp:term":[{"taxonomy":"category","embeddable":true,"href":"https:\/\/web.laotrafm.com\/index.php\/wp-json\/wp\/v2\/categories?post=30"},{"taxonomy":"post_tag","embeddable":true,"href":"https:\/\/web.laotrafm.com\/index.php\/wp-json\/wp\/v2\/tags?post=30"}],"curies":[{"name":"wp","href":"https:\/\/api.w.org\/{rel}","templated":true}]}}