{"id":1,"date":"2020-09-08T02:26:50","date_gmt":"2020-09-08T02:26:50","guid":{"rendered":"http:\/\/web.laotrafm.com\/?p=1"},"modified":"2020-10-15T14:57:52","modified_gmt":"2020-10-15T22:27:52","slug":"hello-world","status":"publish","type":"post","link":"https:\/\/web.laotrafm.com\/index.php\/2020\/09\/08\/hello-world\/","title":{"rendered":"Gaby Pazmi\u00f1o: &#8220;Exijo disculpas p\u00fablicas, no por vanidad ni ego, sino por justicia&#8221;"},"content":{"rendered":"\n<p>La presentadora asegur\u00f3 que se vio afectada por varias publicaciones de distintos medios de comunicaci\u00f3n, en los que da\u00f1an su buen nombre.&nbsp;<\/p>\n\n\n\n<p id=\"m81-80-82\">Desde Estados Unidos,&nbsp;Gabriela Pazmi\u00f1o&nbsp;inicia su relato citando una de las tantas frases que le dec\u00eda su mam\u00e1 (Gladys),&nbsp; &#8220;lucha hasta el final por tu&nbsp;honra&#8221;, y es por lo que ahora, con mucho dolor en su alma, asegura, est\u00e1 batallando.&nbsp;La semana pasada, Gaby se convirti\u00f3 nuevamente en los titulares de varias p\u00e1ginas de los distintos&nbsp;medios de comunicaci\u00f3n&nbsp;en los que aseguraban que hab\u00eda&nbsp; movido&nbsp;1.2 millones de d\u00f3lares al exterior durante la pandemia.&nbsp;<\/p>\n\n\n\n<p id=\"m91-90-92\">Dicha publicaci\u00f3n hizo que Pazmi\u00f1o se motivar\u00e1 a hablar y explicar\u00e1, con pruebas en mano, que dicha&nbsp;informaci\u00f3n era&nbsp; falsa, &#8220;el da\u00f1o y la afectaci\u00f3n a la honra est\u00e1 hecho. Vine soportando durante mucho tiempo el linchamiento&nbsp;medi\u00e1tico&nbsp;y la deshonra sin informaci\u00f3n acertada del caso y&nbsp; de todo lo que se me acusa&#8221;. dijo.&nbsp;<\/p>\n\n\n\n<p><\/p>\n\n\n\n<p id=\"m147-146-148\">Lo cierto es que,&nbsp; Gaby envi\u00f3 ayer, 6 de septiembre, una&nbsp;misiva&nbsp;a un diario y una revista, solicitando que borren la publicaci\u00f3n y rectifiquen lo escrito, ampar\u00e1ndose en los art\u00edculos 19, 21,22,23 y 28 de la&nbsp;Ley Org\u00e1nica de Comunicaci\u00f3n (LOC).&nbsp; &nbsp;<\/p>\n\n\n\n<p id=\"m152-151-153\">&#8220;Exijo las&nbsp;disculpas p\u00fablicas&nbsp;no por vanidad ni ego, sino por justicia, por el buen nombre y honra de una persona, en este caso, la m\u00eda que fue&nbsp;afectada&nbsp;(&#8230;) Quiero que se cree un precedente de mi caso porque fui victima de muchos medios &#8220;, enfatiz\u00f3.&nbsp;<\/p>\n\n\n\n<p id=\"m157-156-158\">Los&nbsp; 1.2 millones de&nbsp;d\u00f3lares,&nbsp;de acuerdo a la comunicadora, son producto de su labor en diversos medios (per\u00edodo 2014-2020) y responden a sueldos recibidos,&nbsp;impuestos de divisas, contratos y publicidades en redes sociales.<\/p>\n\n\n\n<p><\/p>\n\n\n\n<p id=\"m202-201-203\">As\u00ed&nbsp; mismo, Pazmi\u00f1o recalc\u00f3 que le apena lo sucedido, &#8220;mi honra y mi honor ser\u00e1n el espejo donde se vean mis hijos en el&nbsp;futuro&#8221;, agreg\u00f3 y explic\u00f3 que&nbsp; prefiri\u00f3 quedarse callada ante todo el&nbsp;proceso&nbsp;por el que est\u00e1 siendo investigada, pero fueron las publicaciones de los dos medios de comunicaci\u00f3n que la hicieron tomar la&nbsp;valent\u00eda&nbsp;para pelear.<\/p>\n\n\n\n<p id=\"m207-206-208\">Recordemos que&nbsp;&nbsp;Gaby&nbsp;es investigada junto a su esposo Dalo y otros familiares como Jacobo y Michael Bucaram, dentro del caso de&nbsp;asociaci\u00f3n il\u00edcita&nbsp;por la venta de insumos m\u00e9dicos. Est\u00e1 en Estados Unidos junto a Bucaram y a sus hijos desde antes de la cuarentena producto del coronavirus.&nbsp;<\/p>\n\n\n\n<p id=\"m212-211-213\">&#8220;Estoy dentro de un proceso legal que me parece muy injusto, sin embargo, me he mantenido respetuosa, pero ante esta infamia no me pod\u00eda quedar callada&#8221;, mencion\u00f3.&nbsp;&#8220;Que la Fiscal\u00eda me investigue hasta el \u00faltimo centavo de mis ingresos, hasta la \u00faltima hoja de vida, pero no me parece que los medios teniendo credibilidad y honra, hagan esto&#8221;Gabriela Pazmi\u00f1o de Bucaram, expresentadora de televisi\u00f3n.<\/p>\n\n\n\n<p id=\"m232-231-233\">La tambi\u00e9n&nbsp;exasamble\u00edsta, narr\u00f3 que en su declaraci\u00f3n virtual ante la fiscal\u00eda mostr\u00f3 pruebas de su&nbsp; inocencia,&nbsp;&#8220;present\u00e9 certificados de la Asamblea Nacional y del Consejo Nacional Electoral que el se\u00f1or&nbsp;Jorge Henriques Aguilera&nbsp;nunca fue mi alterno o&nbsp;empleado&#8221;.&nbsp;<\/p>\n\n\n\n<p id=\"m237-236-238\">&#8220;Yo no tengo por qu\u00e9 darle \u00f3rdenes a alguien que ni siquiera fue mi empleado. Jam\u00e1s&nbsp;orden\u00e9&nbsp;a Jorge a absolutamente nada&#8221;, dijo.<\/p>\n","protected":false},"excerpt":{"rendered":"<p>La presentadora asegur\u00f3 que se vio afectada por varias publicaciones de distintos medios de comunicaci\u00f3n, en los que da\u00f1an su buen nombre.&nbsp; Desde Estados Unidos,&nbsp;Gabriela Pazmi\u00f1o&nbsp;inicia su relato citando una de las tantas frases que le dec\u00eda su mam\u00e1 (Gladys),&nbsp; &#8220;lucha hasta el final por tu&nbsp;honra&#8221;, y es por lo que ahora, con mucho dolor [&hellip;]<\/p>\n","protected":false},"author":1,"featured_media":110,"comment_status":"open","ping_status":"closed","sticky":false,"template":"","format":"standard","meta":{"footnotes":""},"categories":[1],"tags":[],"class_list":["post-1","post","type-post","status-publish","format-standard","has-post-thumbnail","hentry","category-farandula-nacional"],"_links":{"self":[{"href":"https:\/\/web.laotrafm.com\/index.php\/wp-json\/wp\/v2\/posts\/1","targetHints":{"allow":["GET"]}}],"collection":[{"href":"https:\/\/web.laotrafm.com\/index.php\/wp-json\/wp\/v2\/posts"}],"about":[{"href":"https:\/\/web.laotrafm.com\/index.php\/wp-json\/wp\/v2\/types\/post"}],"author":[{"embeddable":true,"href":"https:\/\/web.laotrafm.com\/index.php\/wp-json\/wp\/v2\/users\/1"}],"replies":[{"embeddable":true,"href":"https:\/\/web.laotrafm.com\/index.php\/wp-json\/wp\/v2\/comments?post=1"}],"version-history":[{"count":0,"href":"https:\/\/web.laotrafm.com\/index.php\/wp-json\/wp\/v2\/posts\/1\/revisions"}],"wp:featuredmedia":[{"embeddable":true,"href":"https:\/\/web.laotrafm.com\/index.php\/wp-json\/wp\/v2\/media\/110"}],"wp:attachment":[{"href":"https:\/\/web.laotrafm.com\/index.php\/wp-json\/wp\/v2\/media?parent=1"}],"wp:term":[{"taxonomy":"category","embeddable":true,"href":"https:\/\/web.laotrafm.com\/index.php\/wp-json\/wp\/v2\/categories?post=1"},{"taxonomy":"post_tag","embeddable":true,"href":"https:\/\/web.laotrafm.com\/index.php\/wp-json\/wp\/v2\/tags?post=1"}],"curies":[{"name":"wp","href":"https:\/\/api.w.org\/{rel}","templated":true}]}}